{"id":10005,"date":"2024-11-07T21:59:05","date_gmt":"2024-11-07T20:59:05","guid":{"rendered":"https:\/\/pasaenmendoza.com\/?p=10005"},"modified":"2024-11-07T21:59:06","modified_gmt":"2024-11-07T20:59:06","slug":"cual-es-el-patrimonio-que-declararon-los-funcionarios-mendocinos-de-javier-milei","status":"publish","type":"post","link":"https:\/\/pasaenmendoza.com\/?p=10005","title":{"rendered":"Cu\u00e1l es el patrimonio que declararon los funcionarios mendocinos de Javier Milei"},"content":{"rendered":"\n<p>Con la llegada del&nbsp;<strong>Gobierno&nbsp;<\/strong>de&nbsp;<strong>Javier Milei<\/strong>, varios<strong>&nbsp;mendocinos<\/strong>&nbsp;comenzaron a ocupar cargos en la administraci\u00f3n nacional. A casi m\u00e1s de un a\u00f1o, se conocieron los datos sobre el patrimonio que poseen.<\/p>\n\n\n\n<p>Vale aclarar que, en el caso de los bienes materiales, su valor est\u00e1 dado por el aval\u00fao, que est\u00e1 muy lejos del valor de mercado.<\/p>\n\n\n\n<h2 class=\"wp-block-heading\" id=\"h-los-que-mas-tienen\">Los que m\u00e1s tienen<\/h2>\n\n\n\n<p>Por amplia diferencia quien declar\u00f3 la mayor cantidad de bienes es\u00a0<strong>Luis Fiochi,<\/strong>\u00a0flamante titular del\u00a0<strong>Instituto de Obra Social de las Fuerzas Armadas y de Seguridad (IOSFA)<\/strong>\u00a0con un patrimonio total de poco m\u00e1s de\u00a0<strong>$2.135 millones de pesos<\/strong>.<\/p>\n\n\n\n<p>El sanrafaelino de 65 a\u00f1os que responde pol\u00edticamente al ministro de Defensa&nbsp;<strong>Luis Petri<\/strong>&nbsp;inform\u00f3 en su presentaci\u00f3n de bienes que posee&nbsp;<strong>tres veh\u00edculos<\/strong>&nbsp;(entre ellos un BMW 118 i), m\u00faltiples cajas de ahorro, tanto en d\u00f3lares como en pesos.<\/p>\n\n\n\n<p>Adem\u00e1s, tiene&nbsp;<strong>cuentas en diferentes fondos de inversi\u00f3n<\/strong>, no solamente en el pa\u00eds, sino que tambi\u00e9n cuenta con este tipo de<strong>&nbsp;activos en el exterior<\/strong>&nbsp;(en este cuenta con m\u00e1s de 500 millones de pesos).<\/p>\n\n\n\n<p>El segundo en la tabla es el recientemente nombrado vicepresidente de\u00a0<strong>Aerol\u00edneas Argentinas<\/strong>,\u00a0<strong>Omar De Marchi<\/strong>. En su \u00faltima declaraci\u00f3n jurada arroj\u00f3 un patrimonio de\u00a0<strong>226,7 millones de pesos<\/strong>.<\/p>\n\n\n\n<p>El excandidato a gobernador por&nbsp;<strong>La Uni\u00f3n Mendocina<\/strong>&nbsp;inform\u00f3 que posee una casa,&nbsp;<strong>lotes bald\u00edos, un departamento en alquiler<\/strong>&nbsp;y dep\u00f3sitos en d\u00f3lares y pesos. Adem\u00e1s, inform\u00f3 que posee&nbsp;<strong>una estaci\u00f3n de servicio&nbsp;<\/strong>en&nbsp;<strong>Luj\u00e1n de Cuyo<\/strong>.<\/p>\n\n\n\n<p>El que completa el podio es el hist\u00f3rico dirigente del Partido Dem\u00f3crata,\u00a0<strong>Carlos Balter,<\/strong>\u00a0actual<strong>\u00a0director del Banco Naci\u00f3n<\/strong>, quien declar\u00f3 un patrimonio por\u00a0<strong>222,7 millones de pesos.<\/strong><\/p>\n\n\n\n<p>Como buen contador p\u00fablico, Balter tiene inversiones en un importante abanico de&nbsp;<strong>acciones de empresas&nbsp;<\/strong>como Telecom, YPF o Holcin,<strong>&nbsp;t\u00edtulos<\/strong>&nbsp;de deuda,&nbsp;<strong>bonos<\/strong>&nbsp;argentinos e inversiones en&nbsp;<strong>fondos fiduciarios<\/strong>. Llamativamente el dirigente del PD no declar\u00f3 que posea ni veh\u00edculos ni propiedades a su nombre.<\/p>\n\n\n\n<p>En tanto,<strong>\u00a0Diego Chaher,\u00a0<\/strong>secretario de Empresas y Sociedades del Estado, repartici\u00f3n a cargo de llevar adelante los procesos de privatizaci\u00f3n de las compa\u00f1\u00edas estatales, declar\u00f3 posesiones por un total de\u00a0<strong>70,5 millones de pesos<\/strong>.<\/p>\n\n\n\n<p>Entre sus bienes se encuentra una camioneta 4\u00d74, una casa en Guaymall\u00e9n y una moto marca Yamaha 110 cc. En lo que respecta a dinero, tiene cuentas en pesos y dinero en efectivo por 12 millones de pesos.<\/p>\n\n\n\n<p>El top 5 lo cierra\u00a0<strong>Walter Scibilia<\/strong>, empresario oriundo de Tupungato que tambi\u00e9n responde pol\u00edticamente a\u00a0<strong>Petri<\/strong>\u00a0y que ocupa el cargo de vocal en el directorio de la Administraci\u00f3n de Parques Nacionales.<\/p>\n\n\n\n<p>Scibilia es un apellido conocido en el Valle de Uco porque est\u00e1 asociado con un emprendimiento tur\u00edstico,&nbsp;<strong>Estancia San Pablo<\/strong>, ubicado en el l\u00edmite con Chile, sobre el Cord\u00f3n del Plata.<\/p>\n\n\n\n<p>El funcionario declar\u00f3 un patrimonio de&nbsp;<strong>65,7 millones de pesos<\/strong>, aunque la cifra es anecd\u00f3tica, ya que inform\u00f3 que&nbsp;<strong>posee m\u00e1s de 26 mil hect\u00e1reas&nbsp;<\/strong>(una \u00e1rea equivalente a la mitad de la Ciudad de Mendoza), repartidas entre Tunuy\u00e1n y Rivadavia. Adem\u00e1s, cuenta con tres camionetas 4\u00d74 y una moto 200cc.<\/p>\n\n\n\n<h2 class=\"wp-block-heading\" id=\"h-los-que-menos-tienen\">Los que menos tienen<\/h2>\n\n\n\n<p>Encabezando la lista de los que menos patrimonio declararon se encuentra el titular de la Anses en Mendoza,\u00a0<strong>Jos\u00e9 Emilio Agu,<\/strong>\u00a0con\u00a0<strong>38,1 millones de pesos<\/strong>.<\/p>\n\n\n\n<p>El contador nacional ocup\u00f3 este cargo de la mano de Petri, quien ya lo hab\u00eda nombrado en el ministerio de Defensa.<\/p>\n\n\n\n<p>Su declaraci\u00f3n jurada es de las menos controversiales de todas. Cuenta con una casa en Godoy Cruz que fue adquirida mediante un cr\u00e9dito, una camioneta 4\u00d74, dep\u00f3sitos en efectivo y activos en un fondo de inversi\u00f3n.<\/p>\n\n\n\n<p>M\u00e1s atr\u00e1s aparece\u00a0<strong>Emilce Lozano,<\/strong>\u00a0delegada de Vialidad Nacional en Mendoza, cuyo patrimonio asciende a los\u00a0<strong>33,5 millones de pesos.<\/strong><\/p>\n\n\n\n<p>La sanrafaelina cuenta con varios inmuebles en el departamento sure\u00f1o, todos heredados por ella o por su pareja. Adem\u00e1s, declar\u00f3 tener una camioneta, un plazo fijo y dep\u00f3sitos en el banco.<\/p>\n\n\n\n<p>Cerca fondo de la tabla se encuentra de manera sorpresiva el ministro de Defensa\u00a0<strong>Luis Petri<\/strong>, quien declar\u00f3 bienes por un total de\u00a0<strong>26,5 millones de pesos<\/strong>.<\/p>\n\n\n\n<p>El excandidato a vicepresidente por Juntos Por el Cambio inform\u00f3 que cuenta con cajas de ahorro en pesos y en d\u00f3lares una camioneta y acciones en la empresa de seguridad Security SAS.<\/p>\n\n\n\n<p>Llamativamente, no declar\u00f3 contar con ning\u00fan bien inmueble de su propiedad.<\/p>\n\n\n\n<p>Un caso llamativo es el del cornejista\u00a0<strong>N\u00e9stor Majul<\/strong>, actual secretario de Articulaci\u00f3n Federal del Ministerio de Seguridad de la Naci\u00f3n, dependiente del Ministerio de Seguridad que conduce Patricia Bullrich, ya que si bien declar\u00f3 un patrimonio de\u00a0<strong>22 millones de pesos<\/strong>, este se reduce a un s\u00f3lo bien: una camioneta modelo 2022.<\/p>\n\n\n\n<p>Seg\u00fan el documento publicado en el sitio web de la&nbsp;<strong>Naci\u00f3n,&nbsp;<\/strong>Majul no posee ni depositos en cuentas bancarias, veh\u00edculos o propiedades a su nombre.<\/p>\n\n\n\n<p>Por su parte, el actual presidente del Instituto Nacional de Vitivinicultura,\u00a0<strong>Carlos Tizio<\/strong>\u00a0y hombre vinculado al macrismo, declar\u00f3 un patrimonio de poco menos de\u00a0<strong>19 millones de pesos<\/strong>, aunque un dato llam\u00f3 la atenci\u00f3n.<\/p>\n\n\n\n<p>Adem\u00e1s de una casa, una camioneta y un auto a su nombre, inform\u00f3 que posee una cuenta bancaria en d\u00f3lares en la que tiene 100 pesos, es decir, poco m\u00e1s de 90 centavos de la moneda estadounidense.<\/p>\n\n\n\n<p>El \u00faltimo de la tabla es en realidad, una inc\u00f3gnita, ya que su declaraci\u00f3n jurada est\u00e1 vac\u00eda. Se trata del hombre que design\u00f3 Lourdes Arrieta para ocupar el cargo de director del Pami en Mendoza,&nbsp;<strong>David Litvinchuk.<\/strong><\/p>\n\n\n\n<p>Seg\u00fan el informe, ingres\u00f3 a la Administraci\u00f3n P\u00fablica Nacional en junio de este a\u00f1o, y\u00a0<strong>hasta el momento no ha informado de su estado patrimonial<\/strong>.<\/p>\n\n\n\n<p><strong>Fuente: www.elsol.com.ar<\/strong><\/p>\n","protected":false},"excerpt":{"rendered":"<p>Con la llegada del&nbsp;Gobierno&nbsp;de&nbsp;Javier Milei, varios&nbsp;mendocinos&nbsp;comenzaron a ocupar cargos en la administraci\u00f3n nacional. A casi m\u00e1s de un a\u00f1o, se conocieron los datos sobre el patrimonio que poseen. Vale aclarar que, en el caso de los bienes materiales, su valor est\u00e1 dado por el aval\u00fao, que est\u00e1 muy lejos del valor de mercado. Los que [&hellip;]<\/p>\n","protected":false},"author":2,"featured_media":10006,"comment_status":"open","ping_status":"open","sticky":false,"template":"","format":"standard","meta":[],"categories":[47],"tags":[],"_links":{"self":[{"href":"https:\/\/pasaenmendoza.com\/index.php?rest_route=\/wp\/v2\/posts\/10005"}],"collection":[{"href":"https:\/\/pasaenmendoza.com\/index.php?rest_route=\/wp\/v2\/posts"}],"about":[{"href":"https:\/\/pasaenmendoza.com\/index.php?rest_route=\/wp\/v2\/types\/post"}],"author":[{"embeddable":true,"href":"https:\/\/pasaenmendoza.com\/index.php?rest_route=\/wp\/v2\/users\/2"}],"replies":[{"embeddable":true,"href":"https:\/\/pasaenmendoza.com\/index.php?rest_route=%2Fwp%2Fv2%2Fcomments&post=10005"}],"version-history":[{"count":1,"href":"https:\/\/pasaenmendoza.com\/index.php?rest_route=\/wp\/v2\/posts\/10005\/revisions"}],"predecessor-version":[{"id":10007,"href":"https:\/\/pasaenmendoza.com\/index.php?rest_route=\/wp\/v2\/posts\/10005\/revisions\/10007"}],"wp:featuredmedia":[{"embeddable":true,"href":"https:\/\/pasaenmendoza.com\/index.php?rest_route=\/wp\/v2\/media\/10006"}],"wp:attachment":[{"href":"https:\/\/pasaenmendoza.com\/index.php?rest_route=%2Fwp%2Fv2%2Fmedia&parent=10005"}],"wp:term":[{"taxonomy":"category","embeddable":true,"href":"https:\/\/pasaenmendoza.com\/index.php?rest_route=%2Fwp%2Fv2%2Fcategories&post=10005"},{"taxonomy":"post_tag","embeddable":true,"href":"https:\/\/pasaenmendoza.com\/index.php?rest_route=%2Fwp%2Fv2%2Ftags&post=10005"}],"curies":[{"name":"wp","href":"https:\/\/api.w.org\/{rel}","templated":true}]}}