{"id":1001,"date":"2023-08-28T17:34:20","date_gmt":"2023-08-28T15:34:20","guid":{"rendered":"https:\/\/pasaenmendoza.com\/?p=1001"},"modified":"2023-08-28T17:34:21","modified_gmt":"2023-08-28T15:34:21","slug":"sergio-massa-anuncio-un-bono-de-60-000-para-trabajadores-privados-y-empleados-publicos-nacionales","status":"publish","type":"post","link":"https:\/\/pasaenmendoza.com\/?p=1001","title":{"rendered":"Sergio Massa anunci\u00f3 un bono de $60.000 para trabajadores privados y empleados p\u00fablicos nacionales"},"content":{"rendered":"\n<p>El\u00a0<strong>gobierno nacional dispuso este domingo un incremento de salarios no remunerativo<\/strong>, por \u00fanica vez y a cuenta de futuros aumentos en las discusiones paritarias de\u00a0<strong>60.000 pesos<\/strong>\u00a0pagaderos en dos cuotas mensuales, para los\u00a0<strong>empleados p\u00fablicos nacionales<\/strong>\u00a0y los\u00a0<strong>privados<\/strong>\u00a0que perciban un ingreso neto menor a los\u00a0<strong>400.000 pesos mensuales<\/strong>.<\/p>\n\n\n\n<p>El ministro\u00a0<strong>Sergio Massa<\/strong>\u00a0explic\u00f3 que el paquete de medidas tendr\u00e1 por objetivo ayudar a pymes, trabajadores, monotributistas, jubilados y trabajadores de la econom\u00eda social. Las mismas comprenden\u00a0<strong>aumentos y bonos para jubilados que ser\u00e1n cobrados en septiembre,\u00a0incrementos para la Tarjeta Alimentar y Potenciar Trabajo\u00a0como as\u00ed tambi\u00e9n\u00a0cr\u00e9ditos para trabajadores con tasas blandas\u00a0y\u00a0quitas de impuestos para monotributistas.<\/strong>\u00a0El anuncio, se\u00f1al\u00f3 Massa a trav\u00e9s de un mensaje en redes sociales.<\/p>\n\n\n\n<p>Massa detall\u00f3 los anuncios a trav\u00e9s de su cuenta en la red social Instagram. Subray\u00f3 que estos incrementos son &#8220;a cuenta de la futura paritaria, con el objetivo de reforzar el poder de compra de los salarios de los trabajadores&#8221;.<\/p>\n\n\n\n<p>Massa tambi\u00e9n agreg\u00f3 que &#8220;<strong>en el caso de las micro empresas le vamos a devolver el 100% de las contribuciones patronales<\/strong>&nbsp;y en el caso de las peque\u00f1as y medianas empresas (PYME), del 50% de las contribuciones para ayudar a los trabajadores&#8221;.<\/p>\n\n\n\n<p>El ministro<strong>&nbsp;exhort\u00f3 a las provincias y municipios a que hagan extensivo este incremento<\/strong>&nbsp;a sus trabajadores.<\/p>\n\n\n\n<p><strong>&#8220;La medida beneficiar\u00e1 a m\u00e1s 5,5 millones de trabajadores registrados tanto en el sector p\u00fablico como privado&#8221; (Kelly Olmos, ministra de Trabajo)<\/strong><\/p>\n\n\n\n<p>En tanto,&nbsp;<strong>Alberto Fern\u00e1ndez<\/strong>, a trav\u00e9s de &#8220;X&#8221;, retuite\u00f3 el video difundido por el ministro de Econom\u00eda y con un texto remarc\u00f3 que los cambios anunciados, los pidi\u00f3 \u00e9l.<\/p>\n\n\n\n<p>&#8220;Tras los efectos de la devaluaci\u00f3n y la inflaci\u00f3n, les encomend\u00e9 a los ministerios de Trabajo, Naci\u00f3n y Econom\u00eda, que promuevan una serie de medidas para mejorar el ingreso de las y los jubilados y trabajadores formales e informales&#8221;, poste\u00f3 el Presidente.<\/p>\n\n\n\n<p>Por su parte, la ministra de Trabajo de la Naci\u00f3n,&nbsp;<strong>Kelly Olmos<\/strong>, dialog\u00f3 este lunes con la prensa sobre la medida. &#8220;<strong>Beneficiar\u00e1 a m\u00e1s 5,5 millones de trabajadores registrados tanto en el sector p\u00fablico como privado<\/strong>&#8220;, recalc\u00f3 la funcionaria.<\/p>\n\n\n\n<p>&#8220;Como el proceso de la negociaci\u00f3n paritaria en ning\u00fan momento se interrumpe, se establece con claridad que&nbsp;<strong>esa suma fija es absorbible por la negociaci\u00f3n<\/strong>. La idea es que sea un esfuerzo compartido entre el Estado y las empresas. En el caso de las microempresas,<strong>&nbsp;ser\u00e1 absorbido el 100% por el Estado<\/strong>&nbsp;a trav\u00e9s de las cargas patronales. En el caso de las peque\u00f1as empresas, se absorver\u00e1 el 50%.&nbsp;<strong>Medianas y grandes empresas deber\u00e1n abonarlo&nbsp;<\/strong>en su totalidad la parte empleadora&#8221;, a\u00f1adi\u00f3 Olmos para aclarar dudas de los empresarios.<\/p>\n\n\n\n<h2 class=\"wp-block-heading\">La CGT expres\u00f3 su apoyo a las medidas anunciadas por Massa<\/h2>\n\n\n\n<p><strong>La CGT apoy\u00f3 las medidas anunciadas por el ministro de Econom\u00eda y candidato presidencial de Uni\u00f3n por la Patria (UxP), Sergio Massa<\/strong>, porque van &#8220;en la senda de un<strong>&nbsp;Estado presente&#8221; y dan &#8220;una mano a todos aquellos cuya situaci\u00f3n econ\u00f3mica se ha visto da\u00f1ada&nbsp;<\/strong>por este dif\u00edcil contexto&#8221;.<\/p>\n\n\n\n<p>El consejo directivo nacional de la central sindical emiti\u00f3 un comunicado titulado &#8220;<strong>La CGT acompa\u00f1a las medidas anunciadas por el ministro de Econom\u00eda Sergio Massa<\/strong>&#8221; poco despu\u00e9s de que el funcionario hiciera una serie de anuncios para diversos sectores sociales.<\/p>\n\n\n\n<p>La CGT dijo que &#8220;apoya las medidas anunciadas a lo largo del d\u00eda de hoy por el ministro de Econom\u00eda, Sergio Massa, cuyo objetivo es ayudar y respaldar a trabajadores, pymes, monotributistas, jubilados y sectores de la econom\u00eda social y del agro&#8221;.<\/p>\n\n\n\n<p>&#8220;Los anuncios van en la senda de un Estado presente que, a trav\u00e9s de programas de beneficios, cr\u00e9ditos o quita de impuestos, da una mano a todos aquellos cuya situaci\u00f3n econ\u00f3mica se ha visto da\u00f1ada por este dif\u00edcil contexto&#8221;, a\u00f1adi\u00f3.<\/p>\n\n\n\n<p>La central que conducen&nbsp;<strong>H\u00e9ctor Daer, Carlos Acu\u00f1a y Pablo Moyano afirm\u00f3 que &#8220;este importante esfuerzo del Gobierno Nacional es una muestra del compromiso con los distintos sectores de nuestro pa\u00eds<\/strong>, cuyo aporte es fundamental para construir la Argentina que queremos&#8221;.<\/p>\n\n\n\n<p>&#8220;Esta CGT ratifica el respaldo al ministro Sergio Massa, cuya decisi\u00f3n de implementar estas pol\u00edticas que fortalecen el salario de los trabajadores y trabajadoras nos permiten vislumbrar otro horizonte para nuestro pa\u00eds, con m\u00e1s trabajo, m\u00e1s producci\u00f3n y m\u00e1s desarrollo&#8221;, enfatiz\u00f3.<\/p>\n\n\n\n<p><strong>Fuente: www.diariouno.com.ar<\/strong><\/p>\n","protected":false},"excerpt":{"rendered":"<p>El\u00a0gobierno nacional dispuso este domingo un incremento de salarios no remunerativo, por \u00fanica vez y a cuenta de futuros aumentos en las discusiones paritarias de\u00a060.000 pesos\u00a0pagaderos en dos cuotas mensuales, para los\u00a0empleados p\u00fablicos nacionales\u00a0y los\u00a0privados\u00a0que perciban un ingreso neto menor a los\u00a0400.000 pesos mensuales. El ministro\u00a0Sergio Massa\u00a0explic\u00f3 que el paquete de medidas tendr\u00e1 por objetivo [&hellip;]<\/p>\n","protected":false},"author":2,"featured_media":1002,"comment_status":"open","ping_status":"open","sticky":false,"template":"","format":"standard","meta":[],"categories":[49],"tags":[],"_links":{"self":[{"href":"https:\/\/pasaenmendoza.com\/index.php?rest_route=\/wp\/v2\/posts\/1001"}],"collection":[{"href":"https:\/\/pasaenmendoza.com\/index.php?rest_route=\/wp\/v2\/posts"}],"about":[{"href":"https:\/\/pasaenmendoza.com\/index.php?rest_route=\/wp\/v2\/types\/post"}],"author":[{"embeddable":true,"href":"https:\/\/pasaenmendoza.com\/index.php?rest_route=\/wp\/v2\/users\/2"}],"replies":[{"embeddable":true,"href":"https:\/\/pasaenmendoza.com\/index.php?rest_route=%2Fwp%2Fv2%2Fcomments&post=1001"}],"version-history":[{"count":2,"href":"https:\/\/pasaenmendoza.com\/index.php?rest_route=\/wp\/v2\/posts\/1001\/revisions"}],"predecessor-version":[{"id":1004,"href":"https:\/\/pasaenmendoza.com\/index.php?rest_route=\/wp\/v2\/posts\/1001\/revisions\/1004"}],"wp:featuredmedia":[{"embeddable":true,"href":"https:\/\/pasaenmendoza.com\/index.php?rest_route=\/wp\/v2\/media\/1002"}],"wp:attachment":[{"href":"https:\/\/pasaenmendoza.com\/index.php?rest_route=%2Fwp%2Fv2%2Fmedia&parent=1001"}],"wp:term":[{"taxonomy":"category","embeddable":true,"href":"https:\/\/pasaenmendoza.com\/index.php?rest_route=%2Fwp%2Fv2%2Fcategories&post=1001"},{"taxonomy":"post_tag","embeddable":true,"href":"https:\/\/pasaenmendoza.com\/index.php?rest_route=%2Fwp%2Fv2%2Ftags&post=1001"}],"curies":[{"name":"wp","href":"https:\/\/api.w.org\/{rel}","templated":true}]}}