{"id":10012,"date":"2024-11-08T14:42:06","date_gmt":"2024-11-08T13:42:06","guid":{"rendered":"https:\/\/pasaenmendoza.com\/?p=10012"},"modified":"2024-11-08T14:42:07","modified_gmt":"2024-11-08T13:42:07","slug":"calor-y-tormentas-asi-estara-el-tiempo-en-mendoza-este-viernes","status":"publish","type":"post","link":"https:\/\/pasaenmendoza.com\/?p=10012","title":{"rendered":"Calor y tormentas: as\u00ed estar\u00e1 el tiempo en Mendoza este viernes"},"content":{"rendered":"\n<p>Para este&nbsp;<strong>viernes<\/strong>&nbsp;se espera una jornada con nubosidad variable, ascenso de la temperatura y vientos moderados del noreste. Estar\u00e1 parcialmente nublado en cordillera. La m\u00e1xima ser\u00e1 de 31 grados y la m\u00ednima de 18.<\/p>\n\n\n\n<p>En tanto, el Sistema Meteorol\u00f3gico Nacional emiti\u00f3<strong>&nbsp;alerta amarilla por tormentas en General Alvear y la zona baja de San Rafael<\/strong>.<\/p>\n\n\n\n<p>\u201cEl \u00e1rea ser\u00e1 afectada por lluvias y tormentas, algunas localmente fuertes. Las mismas podr\u00e1n estar acompa\u00f1adas por abundante ca\u00edda de agua en cortos periodos, intensa actividad el\u00e9ctrica, ocasional ca\u00edda de granizo y fuertes r\u00e1fagas. Se prev\u00e9n valores de precipitaci\u00f3n acumulada entre 15 y 30 mm, pudiendo ser superados en forma puntual\u201d, indicaron.<\/p>\n\n\n\n<p>Por su parte, el<strong>&nbsp;s\u00e1bado<\/strong>&nbsp;estar\u00e1 caluroso e inestable, con nubosidad variable y tormentas aisladas. Se esperan vientos moderados del noreste y precipitaciones en cordillera. La m\u00e1xima llegar\u00eda a 34 grados y la m\u00ednima a 19.<\/p>\n\n\n\n<p>En cuanto al\u00a0<strong>domingo<\/strong>, la direcci\u00f3n de Contingencias Clim\u00e1ticas pronostica un d\u00eda \u201cparcialmente nublado, con descenso de la temperatura, vientos moderados del sudeste y precipitaciones aisladas\u201d. La m\u00e1xima ser\u00e1 de 29 grados y la m\u00ednima de 19.<\/p>\n\n\n\n<p><strong>Fuente: www.elsol.com.ar<\/strong><\/p>\n","protected":false},"excerpt":{"rendered":"<p>Para este&nbsp;viernes&nbsp;se espera una jornada con nubosidad variable, ascenso de la temperatura y vientos moderados del noreste. Estar\u00e1 parcialmente nublado en cordillera. La m\u00e1xima ser\u00e1 de 31 grados y la m\u00ednima de 18. En tanto, el Sistema Meteorol\u00f3gico Nacional emiti\u00f3&nbsp;alerta amarilla por tormentas en General Alvear y la zona baja de San Rafael. \u201cEl \u00e1rea [&hellip;]<\/p>\n","protected":false},"author":2,"featured_media":10013,"comment_status":"open","ping_status":"open","sticky":false,"template":"","format":"standard","meta":[],"categories":[52],"tags":[],"_links":{"self":[{"href":"https:\/\/pasaenmendoza.com\/index.php?rest_route=\/wp\/v2\/posts\/10012"}],"collection":[{"href":"https:\/\/pasaenmendoza.com\/index.php?rest_route=\/wp\/v2\/posts"}],"about":[{"href":"https:\/\/pasaenmendoza.com\/index.php?rest_route=\/wp\/v2\/types\/post"}],"author":[{"embeddable":true,"href":"https:\/\/pasaenmendoza.com\/index.php?rest_route=\/wp\/v2\/users\/2"}],"replies":[{"embeddable":true,"href":"https:\/\/pasaenmendoza.com\/index.php?rest_route=%2Fwp%2Fv2%2Fcomments&post=10012"}],"version-history":[{"count":1,"href":"https:\/\/pasaenmendoza.com\/index.php?rest_route=\/wp\/v2\/posts\/10012\/revisions"}],"predecessor-version":[{"id":10014,"href":"https:\/\/pasaenmendoza.com\/index.php?rest_route=\/wp\/v2\/posts\/10012\/revisions\/10014"}],"wp:featuredmedia":[{"embeddable":true,"href":"https:\/\/pasaenmendoza.com\/index.php?rest_route=\/wp\/v2\/media\/10013"}],"wp:attachment":[{"href":"https:\/\/pasaenmendoza.com\/index.php?rest_route=%2Fwp%2Fv2%2Fmedia&parent=10012"}],"wp:term":[{"taxonomy":"category","embeddable":true,"href":"https:\/\/pasaenmendoza.com\/index.php?rest_route=%2Fwp%2Fv2%2Fcategories&post=10012"},{"taxonomy":"post_tag","embeddable":true,"href":"https:\/\/pasaenmendoza.com\/index.php?rest_route=%2Fwp%2Fv2%2Ftags&post=10012"}],"curies":[{"name":"wp","href":"https:\/\/api.w.org\/{rel}","templated":true}]}}