{"id":10015,"date":"2024-11-08T14:57:04","date_gmt":"2024-11-08T13:57:04","guid":{"rendered":"https:\/\/pasaenmendoza.com\/?p=10015"},"modified":"2024-11-08T14:57:05","modified_gmt":"2024-11-08T13:57:05","slug":"una-conductora-ebria-choco-a-un-movil-policial-en-plena-aristides-villanueva-dos-efectivos-heridos","status":"publish","type":"post","link":"https:\/\/pasaenmendoza.com\/?p=10015","title":{"rendered":"Una conductora ebria choc\u00f3 a un m\u00f3vil policial en plena Ar\u00edstides Villanueva: dos efectivos heridos"},"content":{"rendered":"\n<p>Dos\u00a0<strong>polic\u00edas<\/strong>,\u00a0de 30 y 31 a\u00f1os, resultaron heridos en la madrugada de este viernes, luego de ser\u00a0<strong>chocados<\/strong>\u00a0por una mujer que manejaba alcoholizada. El hecho ocurri\u00f3 en la calle\u00a0<strong>Ar\u00edstides Villanueva,<\/strong>\u00a0en la Ciudad de Mendoza.\u00a0<\/p>\n\n\n\n<p>Fue alrededor de la 1 cuando los efectivos, un auxiliar y un oficial ayudante, se encontraban detenidos con su movilidad en un control y fueron impactos desde atr\u00e1s por un Peugeot 308, en\u00a0<strong>Ar\u00edstides Villanueva<\/strong>\u00a0y Mart\u00ednez de Rozas.\u00a0<\/p>\n\n\n\n<p>Los uniformados resultaron con algunas lesiones, mientras que la conductora involucrada, de 52 a\u00f1os, dio positivo al control de alcoholemia. El test arroj\u00f3 2,15 gramos por litro de sangre.&nbsp;<\/p>\n\n\n\n<p>Tras el\u00a0<strong>choque<\/strong>\u00a0esta mujer qued\u00f3 a disposici\u00f3n del Juzgado Contravencional interviniente, en tanto que no fue necesario trasladar a los\u00a0<strong>polic\u00edas\u00a0<\/strong>a alg\u00fan centro asistencial.\u00a0<\/p>\n\n\n\n<p>Trabajaron en el procedimiento personal de la Comisar\u00eda Sexta.\u00a0<\/p>\n\n\n\n<p><strong>Fuente: www.elsol.com.ar<\/strong><\/p>\n","protected":false},"excerpt":{"rendered":"<p>Dos\u00a0polic\u00edas,\u00a0de 30 y 31 a\u00f1os, resultaron heridos en la madrugada de este viernes, luego de ser\u00a0chocados\u00a0por una mujer que manejaba alcoholizada. El hecho ocurri\u00f3 en la calle\u00a0Ar\u00edstides Villanueva,\u00a0en la Ciudad de Mendoza.\u00a0 Fue alrededor de la 1 cuando los efectivos, un auxiliar y un oficial ayudante, se encontraban detenidos con su movilidad en un control [&hellip;]<\/p>\n","protected":false},"author":2,"featured_media":10016,"comment_status":"open","ping_status":"open","sticky":false,"template":"","format":"standard","meta":[],"categories":[48],"tags":[],"_links":{"self":[{"href":"https:\/\/pasaenmendoza.com\/index.php?rest_route=\/wp\/v2\/posts\/10015"}],"collection":[{"href":"https:\/\/pasaenmendoza.com\/index.php?rest_route=\/wp\/v2\/posts"}],"about":[{"href":"https:\/\/pasaenmendoza.com\/index.php?rest_route=\/wp\/v2\/types\/post"}],"author":[{"embeddable":true,"href":"https:\/\/pasaenmendoza.com\/index.php?rest_route=\/wp\/v2\/users\/2"}],"replies":[{"embeddable":true,"href":"https:\/\/pasaenmendoza.com\/index.php?rest_route=%2Fwp%2Fv2%2Fcomments&post=10015"}],"version-history":[{"count":1,"href":"https:\/\/pasaenmendoza.com\/index.php?rest_route=\/wp\/v2\/posts\/10015\/revisions"}],"predecessor-version":[{"id":10017,"href":"https:\/\/pasaenmendoza.com\/index.php?rest_route=\/wp\/v2\/posts\/10015\/revisions\/10017"}],"wp:featuredmedia":[{"embeddable":true,"href":"https:\/\/pasaenmendoza.com\/index.php?rest_route=\/wp\/v2\/media\/10016"}],"wp:attachment":[{"href":"https:\/\/pasaenmendoza.com\/index.php?rest_route=%2Fwp%2Fv2%2Fmedia&parent=10015"}],"wp:term":[{"taxonomy":"category","embeddable":true,"href":"https:\/\/pasaenmendoza.com\/index.php?rest_route=%2Fwp%2Fv2%2Fcategories&post=10015"},{"taxonomy":"post_tag","embeddable":true,"href":"https:\/\/pasaenmendoza.com\/index.php?rest_route=%2Fwp%2Fv2%2Ftags&post=10015"}],"curies":[{"name":"wp","href":"https:\/\/api.w.org\/{rel}","templated":true}]}}