{"id":10018,"date":"2024-11-08T15:32:35","date_gmt":"2024-11-08T14:32:35","guid":{"rendered":"https:\/\/pasaenmendoza.com\/?p=10018"},"modified":"2024-11-08T15:32:36","modified_gmt":"2024-11-08T14:32:36","slug":"otro-hombre-murio-tras-caer-de-un-tercer-piso-cuando-hacia-refacciones-en-una-casa-de-godoy-cruz","status":"publish","type":"post","link":"https:\/\/pasaenmendoza.com\/?p=10018","title":{"rendered":"Otro hombre muri\u00f3 tras caer de un tercer piso cuando hac\u00eda refacciones en una casa de Godoy Cruz"},"content":{"rendered":"\n<p>Un\u00a0<strong>hombre de 68 a\u00f1os<\/strong>\u00a0hac\u00eda refacciones este jueves en una vivienda de un familiar cuando<strong>\u00a0cay\u00f3 de la terraza y muri\u00f3.<\/strong>\u00a0La v\u00edctima fatal, identificada por el Ministerio de Seguridad s\u00f3lo como\u00a0<strong>Miguel,<\/strong>\u00a0fue encontrada por sus vecinos en la calle Los \u00c1lamos al 1.400, de<strong>\u00a0Godoy Cruz.<\/strong><\/p>\n\n\n\n<p>Al llegar los m\u00e9dicos, ya estaba su esposa quien les coment\u00f3 que el departamento estaba deshabitado pero que lo estaban poniendo en condiciones.<\/p>\n\n\n\n<p>Seg\u00fan los vecinos,\u00a0<strong>el hombre cay\u00f3 desde un tercer piso.<\/strong><\/p>\n\n\n\n<h2 class=\"wp-block-heading\">Un hombre de 73 a\u00f1os cay\u00f3 al vac\u00edo y muri\u00f3 mientras pintaba en Guaymall\u00e9n<\/h2>\n\n\n\n<p>Un\u00a0<strong>hombre de 73 a\u00f1os muri\u00f3\u00a0<\/strong>este jueves al mediod\u00eda tras<strong>\u00a0caer al vac\u00edo desde 5 metros de altura<\/strong>\u00a0mientras pintaba un complejo de departamentos en calle Alem al 300, de<strong>\u00a0Guaymall\u00e9n.\u00a0<\/strong>La v\u00edctima, quien falleci\u00f3 en el lugar, fue identificada como Jos\u00e9 Eduardo Tolelli.<\/p>\n\n\n\n<p>Testigos del&nbsp;<strong>tr\u00e1gico accidente<\/strong>&nbsp;contaron que Tonelli se encontraba efectuando&nbsp;<strong>reparaciones<\/strong>&nbsp;en el tanque de agua del edificio y que al bajar por la escalera, tropez\u00f3 y cay\u00f3 al suelo.<\/p>\n\n\n\n<p>Al llegar al lugar, personal policial y m\u00e9dicos del Servicio de Emergencia Coordinado (SEC) solo pudieron constatar el fallecimiento a causa de los\u00a0<strong>politraumatismos de cr\u00e1neo sufridos en la ca\u00edda.<\/strong><\/p>\n\n\n\n<p><strong>Fuente: www.diariouno.com.ar<\/strong><\/p>\n","protected":false},"excerpt":{"rendered":"<p>Un\u00a0hombre de 68 a\u00f1os\u00a0hac\u00eda refacciones este jueves en una vivienda de un familiar cuando\u00a0cay\u00f3 de la terraza y muri\u00f3.\u00a0La v\u00edctima fatal, identificada por el Ministerio de Seguridad s\u00f3lo como\u00a0Miguel,\u00a0fue encontrada por sus vecinos en la calle Los \u00c1lamos al 1.400, de\u00a0Godoy Cruz. Al llegar los m\u00e9dicos, ya estaba su esposa quien les coment\u00f3 que el [&hellip;]<\/p>\n","protected":false},"author":2,"featured_media":10019,"comment_status":"open","ping_status":"open","sticky":false,"template":"","format":"standard","meta":[],"categories":[48],"tags":[],"_links":{"self":[{"href":"https:\/\/pasaenmendoza.com\/index.php?rest_route=\/wp\/v2\/posts\/10018"}],"collection":[{"href":"https:\/\/pasaenmendoza.com\/index.php?rest_route=\/wp\/v2\/posts"}],"about":[{"href":"https:\/\/pasaenmendoza.com\/index.php?rest_route=\/wp\/v2\/types\/post"}],"author":[{"embeddable":true,"href":"https:\/\/pasaenmendoza.com\/index.php?rest_route=\/wp\/v2\/users\/2"}],"replies":[{"embeddable":true,"href":"https:\/\/pasaenmendoza.com\/index.php?rest_route=%2Fwp%2Fv2%2Fcomments&post=10018"}],"version-history":[{"count":1,"href":"https:\/\/pasaenmendoza.com\/index.php?rest_route=\/wp\/v2\/posts\/10018\/revisions"}],"predecessor-version":[{"id":10020,"href":"https:\/\/pasaenmendoza.com\/index.php?rest_route=\/wp\/v2\/posts\/10018\/revisions\/10020"}],"wp:featuredmedia":[{"embeddable":true,"href":"https:\/\/pasaenmendoza.com\/index.php?rest_route=\/wp\/v2\/media\/10019"}],"wp:attachment":[{"href":"https:\/\/pasaenmendoza.com\/index.php?rest_route=%2Fwp%2Fv2%2Fmedia&parent=10018"}],"wp:term":[{"taxonomy":"category","embeddable":true,"href":"https:\/\/pasaenmendoza.com\/index.php?rest_route=%2Fwp%2Fv2%2Fcategories&post=10018"},{"taxonomy":"post_tag","embeddable":true,"href":"https:\/\/pasaenmendoza.com\/index.php?rest_route=%2Fwp%2Fv2%2Ftags&post=10018"}],"curies":[{"name":"wp","href":"https:\/\/api.w.org\/{rel}","templated":true}]}}