{"id":10030,"date":"2024-11-08T22:50:26","date_gmt":"2024-11-08T21:50:26","guid":{"rendered":"https:\/\/pasaenmendoza.com\/?p=10030"},"modified":"2024-11-08T22:50:27","modified_gmt":"2024-11-08T21:50:27","slug":"alumnos-de-escuelas-tecnicas-mendocinas-colaboran-en-la-construccion-de-aulas","status":"publish","type":"post","link":"https:\/\/pasaenmendoza.com\/?p=10030","title":{"rendered":"Alumnos de escuelas t\u00e9cnicas mendocinas colaboran en la construcci\u00f3n de aulas"},"content":{"rendered":"\n<p>Alumnos de la\u00a0<strong>escuela t\u00e9cnica 4-107 Ej\u00e9rcito Argentino<\/strong>, de\u00a0<strong>Tunuy\u00e1n<\/strong>, contin\u00faan con las\u00a0<strong>pr\u00e1cticas profesionalizantes<\/strong>\u00a0que se est\u00e1n realizando en el establecimiento ubicado en ese departamento del\u00a0<strong>Valle de Uco,\u00a0<\/strong>que est\u00e1n bajo la supervisi\u00f3n del<strong>\u00a0Ministerio de Educaci\u00f3n\u00a0<\/strong>de la provincia<strong>.<\/strong><\/p>\n\n\n\n<p>En esta oportunidad, los estudiantes de sexto a\u00f1o, que est\u00e1n pr\u00f3ximos a recibirse, est\u00e1n colaborando con la construcci\u00f3n de tres aulas que servir\u00e1n para cubrir el incremento de la demanda que ha tenido la escuela en los \u00faltimos a\u00f1os.<\/p>\n\n\n\n<p>Se trata de 130 metros cuadrados de superficie cubierta, con galer\u00eda incluida, que demandar\u00e1n una inversi\u00f3n de 100 millones de pesos y est\u00e1 previsto que est\u00e9n terminados para el inicio del ciclo lectivo 2025.<\/p>\n\n\n\n<p>Los trabajos, que muestran un avance actual de 10%, fueron recorridos por el subsecretario de Infraestructura Escolar, Carlos Daparo; el referente de pr\u00e1cticas profesionalizantes de Educaci\u00f3n T\u00e9cnica y Trabajo, Fabricio Rub\u00ed; el coordinador de Reparaciones de Escuelas en el Valle de Uco, Ariel Fern\u00e1ndez, y la directora de la escuela, Mar\u00eda Eugenia Daruich, entre otras autoridades.<\/p>\n\n\n\n<p>Esta experiencia prelaboral forma parte de un proyecto conjunto del Ministerio de Educaci\u00f3n de la provincia que incluye a casi 1.000 alumnos de las escuelas secundarias t\u00e9cnicas de Mendoza. Apunta a que los estudiantes -en especial los que sigan una carrera relacionada con la construcci\u00f3n- puedan realizar pasant\u00edas profesionales sobre la instrucci\u00f3n que reciben en sus respectivos establecimientos. Luego, cuando terminen los informes, ser\u00e1n evaluados para poder terminar sus estudios.<\/p>\n\n\n\n<p>Adem\u00e1s, la iniciativa le sirve a Infraestructura Escolar para sumar \u201cpersonal\u201d id\u00f3neo en la materia, que colaborar\u00e1 con el equipo de inspectores profesionales que ya tiene y que releva a diario el estado edilicio de los establecimientos. De esta manera, se podr\u00e1 cubrir las necesidades de infraestructura de toda la provincia de forma m\u00e1s r\u00e1pida y eficiente.<\/p>\n\n\n\n<h3 class=\"wp-block-heading\"><strong>\u201cUna iniciativa muy importante\u201d<\/strong><\/h3>\n\n\n\n<p>\u201cSe trata de una iniciativa muy importante. Quiero ponerla en valor porque seguramente traer\u00e1 muy buenos resultados para nuestro trabajo cotidiano, que es la ampliaci\u00f3n, mantenimiento y las reparaciones de las escuelas. De esta manera, contaremos con m\u00e1s inspectores y mano de obra de lo que ya tenemos y podremos cubrir las necesidades de toda la provincia de manera m\u00e1s r\u00e1pida y eficiente\u201d, se\u00f1al\u00f3 el subsecretario de Infraestructura Escolar, Carlos Daparo, luego de la recorrida.<\/p>\n\n\n\n<p>Otro de los objetivos de esta colaboraci\u00f3n, relevamientos e informes de los alumnos es que ayuden a dise\u00f1ar un modelo \u00fanico de construcci\u00f3n de escuelas en la provincia y que se mantenga en el tiempo. Esto permitir\u00e1 tener edificios estandarizados para luego poder intervenirlos de manera m\u00e1s eficiente.<\/p>\n\n\n\n<p>La directora de la escuela, Mar\u00eda Eugenia Daruich, tambi\u00e9n puso \u00e9nfasis en que \u201ctrabajamos como una familia. Los alumnos necesitan de estas pr\u00e1cticas para enriquecer sus conocimientos y plasmarlos en la carrera que est\u00e1n estudiando. Quiero agradecer al Ministerio de Educaci\u00f3n por llevar adelante este proyecto, porque es clave para que los chicos est\u00e9n cerca de lo que les gusta hacer\u201d.<\/p>\n\n\n\n<p><strong>Fuente: www.diariomendoza.com.ar<\/strong><\/p>\n","protected":false},"excerpt":{"rendered":"<p>Alumnos de la\u00a0escuela t\u00e9cnica 4-107 Ej\u00e9rcito Argentino, de\u00a0Tunuy\u00e1n, contin\u00faan con las\u00a0pr\u00e1cticas profesionalizantes\u00a0que se est\u00e1n realizando en el establecimiento ubicado en ese departamento del\u00a0Valle de Uco,\u00a0que est\u00e1n bajo la supervisi\u00f3n del\u00a0Ministerio de Educaci\u00f3n\u00a0de la provincia. En esta oportunidad, los estudiantes de sexto a\u00f1o, que est\u00e1n pr\u00f3ximos a recibirse, est\u00e1n colaborando con la construcci\u00f3n de tres aulas [&hellip;]<\/p>\n","protected":false},"author":2,"featured_media":10031,"comment_status":"open","ping_status":"open","sticky":false,"template":"","format":"standard","meta":[],"categories":[50],"tags":[],"_links":{"self":[{"href":"https:\/\/pasaenmendoza.com\/index.php?rest_route=\/wp\/v2\/posts\/10030"}],"collection":[{"href":"https:\/\/pasaenmendoza.com\/index.php?rest_route=\/wp\/v2\/posts"}],"about":[{"href":"https:\/\/pasaenmendoza.com\/index.php?rest_route=\/wp\/v2\/types\/post"}],"author":[{"embeddable":true,"href":"https:\/\/pasaenmendoza.com\/index.php?rest_route=\/wp\/v2\/users\/2"}],"replies":[{"embeddable":true,"href":"https:\/\/pasaenmendoza.com\/index.php?rest_route=%2Fwp%2Fv2%2Fcomments&post=10030"}],"version-history":[{"count":1,"href":"https:\/\/pasaenmendoza.com\/index.php?rest_route=\/wp\/v2\/posts\/10030\/revisions"}],"predecessor-version":[{"id":10032,"href":"https:\/\/pasaenmendoza.com\/index.php?rest_route=\/wp\/v2\/posts\/10030\/revisions\/10032"}],"wp:featuredmedia":[{"embeddable":true,"href":"https:\/\/pasaenmendoza.com\/index.php?rest_route=\/wp\/v2\/media\/10031"}],"wp:attachment":[{"href":"https:\/\/pasaenmendoza.com\/index.php?rest_route=%2Fwp%2Fv2%2Fmedia&parent=10030"}],"wp:term":[{"taxonomy":"category","embeddable":true,"href":"https:\/\/pasaenmendoza.com\/index.php?rest_route=%2Fwp%2Fv2%2Fcategories&post=10030"},{"taxonomy":"post_tag","embeddable":true,"href":"https:\/\/pasaenmendoza.com\/index.php?rest_route=%2Fwp%2Fv2%2Ftags&post=10030"}],"curies":[{"name":"wp","href":"https:\/\/api.w.org\/{rel}","templated":true}]}}