{"id":10033,"date":"2024-11-11T13:54:25","date_gmt":"2024-11-11T12:54:25","guid":{"rendered":"https:\/\/pasaenmendoza.com\/?p=10033"},"modified":"2024-11-11T13:54:27","modified_gmt":"2024-11-11T12:54:27","slug":"el-tiempo-en-mendoza-lunes-con-descenso-de-la-temperatura","status":"publish","type":"post","link":"https:\/\/pasaenmendoza.com\/?p=10033","title":{"rendered":"El tiempo en Mendoza: lunes con descenso de la temperatura"},"content":{"rendered":"\n<p>Este<strong>&nbsp;lunes&nbsp;<\/strong>se presenta en Mendoza parcialmente nublado, con descenso de la temperatura y vientos moderados del sudeste. Adem\u00e1s estar\u00e1 poco nuboso en cordillera. La m\u00e1xima ser\u00e1 de 27 grados y la m\u00ednima de 15.<\/p>\n\n\n\n<p>Para el&nbsp;<strong>martes<\/strong>, se espera una jornada con ascenso de la temperatura y vientos moderados del noreste. La m\u00e1xima llegar\u00eda a 29 grados y la m\u00ednima a 16.<\/p>\n\n\n\n<p>El d\u00eda\u00a0<strong>mi\u00e9rcoles<\/strong>\u00a0la Direcci\u00f3n de Contingencias Clim\u00e1ticas pronostica \u201ctiempo bueno con ascenso de la temperatura, vientos moderados del noreste. Poco nuboso en cordillera\u201d. La m\u00e1xima ser\u00e1 de 31 grados y la m\u00ednima de 16.<\/p>\n\n\n\n<p><strong>Fuente: www.elsol.com.ar<\/strong><\/p>\n","protected":false},"excerpt":{"rendered":"<p>Este&nbsp;lunes&nbsp;se presenta en Mendoza parcialmente nublado, con descenso de la temperatura y vientos moderados del sudeste. Adem\u00e1s estar\u00e1 poco nuboso en cordillera. La m\u00e1xima ser\u00e1 de 27 grados y la m\u00ednima de 15. Para el&nbsp;martes, se espera una jornada con ascenso de la temperatura y vientos moderados del noreste. La m\u00e1xima llegar\u00eda a 29 grados [&hellip;]<\/p>\n","protected":false},"author":2,"featured_media":10034,"comment_status":"open","ping_status":"open","sticky":false,"template":"","format":"standard","meta":[],"categories":[52],"tags":[],"_links":{"self":[{"href":"https:\/\/pasaenmendoza.com\/index.php?rest_route=\/wp\/v2\/posts\/10033"}],"collection":[{"href":"https:\/\/pasaenmendoza.com\/index.php?rest_route=\/wp\/v2\/posts"}],"about":[{"href":"https:\/\/pasaenmendoza.com\/index.php?rest_route=\/wp\/v2\/types\/post"}],"author":[{"embeddable":true,"href":"https:\/\/pasaenmendoza.com\/index.php?rest_route=\/wp\/v2\/users\/2"}],"replies":[{"embeddable":true,"href":"https:\/\/pasaenmendoza.com\/index.php?rest_route=%2Fwp%2Fv2%2Fcomments&post=10033"}],"version-history":[{"count":1,"href":"https:\/\/pasaenmendoza.com\/index.php?rest_route=\/wp\/v2\/posts\/10033\/revisions"}],"predecessor-version":[{"id":10035,"href":"https:\/\/pasaenmendoza.com\/index.php?rest_route=\/wp\/v2\/posts\/10033\/revisions\/10035"}],"wp:featuredmedia":[{"embeddable":true,"href":"https:\/\/pasaenmendoza.com\/index.php?rest_route=\/wp\/v2\/media\/10034"}],"wp:attachment":[{"href":"https:\/\/pasaenmendoza.com\/index.php?rest_route=%2Fwp%2Fv2%2Fmedia&parent=10033"}],"wp:term":[{"taxonomy":"category","embeddable":true,"href":"https:\/\/pasaenmendoza.com\/index.php?rest_route=%2Fwp%2Fv2%2Fcategories&post=10033"},{"taxonomy":"post_tag","embeddable":true,"href":"https:\/\/pasaenmendoza.com\/index.php?rest_route=%2Fwp%2Fv2%2Ftags&post=10033"}],"curies":[{"name":"wp","href":"https:\/\/api.w.org\/{rel}","templated":true}]}}