{"id":10036,"date":"2024-11-11T14:03:12","date_gmt":"2024-11-11T13:03:12","guid":{"rendered":"https:\/\/pasaenmendoza.com\/?p=10036"},"modified":"2024-11-11T14:03:13","modified_gmt":"2024-11-11T13:03:13","slug":"manejaba-con-4-veces-mas-alcohol-de-lo-permitido-y-protagonizo-un-fuerte-accidente-en-godoy-cruz","status":"publish","type":"post","link":"https:\/\/pasaenmendoza.com\/?p=10036","title":{"rendered":"Manejaba con 4 veces m\u00e1s alcohol de lo permitido y protagoniz\u00f3 un fuerte accidente en Godoy Cruz"},"content":{"rendered":"\n<p>Un&nbsp;<strong>conductor ebrio<\/strong>&nbsp;protagoniz\u00f3 un fuerte&nbsp;<strong>accidente de tr\u00e1nsito<\/strong>&nbsp;en la noche de este domingo en&nbsp;<strong>Godoy Cruz,<\/strong>&nbsp;causando varios heridos.<\/p>\n\n\n\n<p>El hecho ocurri\u00f3 este domingo a las 20.40 en Godoy Cruz, cuando un Fiat Duna circulaba por calle Tirasso de Norte a Sur con seis ocupantes en su interior, cuando en la intersecci\u00f3n con calle Espa\u00f1a, un Volkswagen Gol lo impacta.<\/p>\n\n\n\n<p>Seg\u00fan fuentes policiales, al llegar al lugar le realizaron el dosaje del alcoholemia al ambos conductores, d\u00e1ndole al hombre de 32 a\u00f1os positivo con 2,14 gramos de alcohol por litro de sangre, cuatro veces m\u00e1s que el l\u00edmite que la ley permite.<\/p>\n\n\n\n<p>Por la fuerza del impacto, los protagonistas del accidente sufrieron leves. Adem\u00e1s, una menor que circulaba en el Fiat fue ingresada al Hospital Notti, mientras que otra mujer fue trasladada a Cl\u00ednica Santa Clara con fractura de cadera.<\/p>\n\n\n\n<h2 class=\"wp-block-heading\" id=\"h-otro-test-de-alcoholemia-positivo-en-las-heras\">Otro test de alcoholemia positivo en Las Heras<\/h2>\n\n\n\n<p>Alrededor de la misma hora, en Las Heras, se detuvo durante un operativo de control a un conductor que manejaba en estado de ebriedad.<\/p>\n\n\n\n<p>El hombre manejaba una Berlingo y el dosaje de alcohol arroj\u00f3 como resultado 1,90 gramos de alcohol por litro de sangre, por lo que se le secuestr\u00f3 la licencia de conducir.<\/p>\n\n\n\n<p><strong>Fuente: www.elsol.com.ar<\/strong><\/p>\n","protected":false},"excerpt":{"rendered":"<p>Un&nbsp;conductor ebrio&nbsp;protagoniz\u00f3 un fuerte&nbsp;accidente de tr\u00e1nsito&nbsp;en la noche de este domingo en&nbsp;Godoy Cruz,&nbsp;causando varios heridos. El hecho ocurri\u00f3 este domingo a las 20.40 en Godoy Cruz, cuando un Fiat Duna circulaba por calle Tirasso de Norte a Sur con seis ocupantes en su interior, cuando en la intersecci\u00f3n con calle Espa\u00f1a, un Volkswagen Gol lo [&hellip;]<\/p>\n","protected":false},"author":2,"featured_media":10037,"comment_status":"open","ping_status":"open","sticky":false,"template":"","format":"standard","meta":[],"categories":[48],"tags":[],"_links":{"self":[{"href":"https:\/\/pasaenmendoza.com\/index.php?rest_route=\/wp\/v2\/posts\/10036"}],"collection":[{"href":"https:\/\/pasaenmendoza.com\/index.php?rest_route=\/wp\/v2\/posts"}],"about":[{"href":"https:\/\/pasaenmendoza.com\/index.php?rest_route=\/wp\/v2\/types\/post"}],"author":[{"embeddable":true,"href":"https:\/\/pasaenmendoza.com\/index.php?rest_route=\/wp\/v2\/users\/2"}],"replies":[{"embeddable":true,"href":"https:\/\/pasaenmendoza.com\/index.php?rest_route=%2Fwp%2Fv2%2Fcomments&post=10036"}],"version-history":[{"count":1,"href":"https:\/\/pasaenmendoza.com\/index.php?rest_route=\/wp\/v2\/posts\/10036\/revisions"}],"predecessor-version":[{"id":10038,"href":"https:\/\/pasaenmendoza.com\/index.php?rest_route=\/wp\/v2\/posts\/10036\/revisions\/10038"}],"wp:featuredmedia":[{"embeddable":true,"href":"https:\/\/pasaenmendoza.com\/index.php?rest_route=\/wp\/v2\/media\/10037"}],"wp:attachment":[{"href":"https:\/\/pasaenmendoza.com\/index.php?rest_route=%2Fwp%2Fv2%2Fmedia&parent=10036"}],"wp:term":[{"taxonomy":"category","embeddable":true,"href":"https:\/\/pasaenmendoza.com\/index.php?rest_route=%2Fwp%2Fv2%2Fcategories&post=10036"},{"taxonomy":"post_tag","embeddable":true,"href":"https:\/\/pasaenmendoza.com\/index.php?rest_route=%2Fwp%2Fv2%2Ftags&post=10036"}],"curies":[{"name":"wp","href":"https:\/\/api.w.org\/{rel}","templated":true}]}}