{"id":10039,"date":"2024-11-11T14:18:31","date_gmt":"2024-11-11T13:18:31","guid":{"rendered":"https:\/\/pasaenmendoza.com\/?p=10039"},"modified":"2024-11-11T14:18:33","modified_gmt":"2024-11-11T13:18:33","slug":"fallecio-el-trabajador-de-la-panaderia-que-exploto-en-las-heras","status":"publish","type":"post","link":"https:\/\/pasaenmendoza.com\/?p=10039","title":{"rendered":"Falleci\u00f3 el trabajador de la panader\u00eda que explot\u00f3 en Las Heras"},"content":{"rendered":"\n<p>El empleado de\u00a0la panader\u00eda que explot\u00f3 en Las Heras el domingo por la ma\u00f1ana\u00a0falleci\u00f3<strong>\u00a0tras sufrir quemaduras en la totalidad del cuerpo<\/strong>. El deceso se constat\u00f3 a las 21.50 de ese mismo d\u00eda.<\/p>\n\n\n\n<p>Julio Gonz\u00e1lez trabajaba en El shopping del pan, sobre calle San Mart\u00edn. A las 6.30,&nbsp;<strong>intent\u00f3 encender la caldera, desconociendo que ten\u00eda una fuga de gas,<\/strong>&nbsp;por lo que se produjo una s\u00fabita explosi\u00f3n que lo envolvi\u00f3 en llamas.<\/p>\n\n\n\n<p>Los compa\u00f1eros de la v\u00edctima intervinieron de inmediato para auxiliarlo, sofocando el fuego que cubr\u00eda el cuerpo de Gonz\u00e1lez. Ante la gravedad de las lesiones, personal del Servicio de Emergencias Coordinado asisti\u00f3 a la v\u00edctima y dispuso su inmediato traslado al Hospital Lagomaggiore.<\/p>\n\n\n\n<p>Tras quedar internado en cuidados intensivos, el trabajador de la panader\u00eda falleci\u00f3 horas m\u00e1s tarde por la gravedad de las quemaduras.<\/p>\n\n\n\n<p><strong>Fuente: www.elsol.com.ar<\/strong><\/p>\n","protected":false},"excerpt":{"rendered":"<p>El empleado de\u00a0la panader\u00eda que explot\u00f3 en Las Heras el domingo por la ma\u00f1ana\u00a0falleci\u00f3\u00a0tras sufrir quemaduras en la totalidad del cuerpo. El deceso se constat\u00f3 a las 21.50 de ese mismo d\u00eda. Julio Gonz\u00e1lez trabajaba en El shopping del pan, sobre calle San Mart\u00edn. A las 6.30,&nbsp;intent\u00f3 encender la caldera, desconociendo que ten\u00eda una fuga [&hellip;]<\/p>\n","protected":false},"author":2,"featured_media":10040,"comment_status":"open","ping_status":"open","sticky":false,"template":"","format":"standard","meta":[],"categories":[48],"tags":[],"_links":{"self":[{"href":"https:\/\/pasaenmendoza.com\/index.php?rest_route=\/wp\/v2\/posts\/10039"}],"collection":[{"href":"https:\/\/pasaenmendoza.com\/index.php?rest_route=\/wp\/v2\/posts"}],"about":[{"href":"https:\/\/pasaenmendoza.com\/index.php?rest_route=\/wp\/v2\/types\/post"}],"author":[{"embeddable":true,"href":"https:\/\/pasaenmendoza.com\/index.php?rest_route=\/wp\/v2\/users\/2"}],"replies":[{"embeddable":true,"href":"https:\/\/pasaenmendoza.com\/index.php?rest_route=%2Fwp%2Fv2%2Fcomments&post=10039"}],"version-history":[{"count":1,"href":"https:\/\/pasaenmendoza.com\/index.php?rest_route=\/wp\/v2\/posts\/10039\/revisions"}],"predecessor-version":[{"id":10041,"href":"https:\/\/pasaenmendoza.com\/index.php?rest_route=\/wp\/v2\/posts\/10039\/revisions\/10041"}],"wp:featuredmedia":[{"embeddable":true,"href":"https:\/\/pasaenmendoza.com\/index.php?rest_route=\/wp\/v2\/media\/10040"}],"wp:attachment":[{"href":"https:\/\/pasaenmendoza.com\/index.php?rest_route=%2Fwp%2Fv2%2Fmedia&parent=10039"}],"wp:term":[{"taxonomy":"category","embeddable":true,"href":"https:\/\/pasaenmendoza.com\/index.php?rest_route=%2Fwp%2Fv2%2Fcategories&post=10039"},{"taxonomy":"post_tag","embeddable":true,"href":"https:\/\/pasaenmendoza.com\/index.php?rest_route=%2Fwp%2Fv2%2Ftags&post=10039"}],"curies":[{"name":"wp","href":"https:\/\/api.w.org\/{rel}","templated":true}]}}