{"id":10042,"date":"2024-11-11T14:25:11","date_gmt":"2024-11-11T13:25:11","guid":{"rendered":"https:\/\/pasaenmendoza.com\/?p=10042"},"modified":"2024-11-11T14:25:12","modified_gmt":"2024-11-11T13:25:12","slug":"el-momento-en-que-el-chofer-perdio-el-control-del-micro-e-impacto-contra-un-arbol","status":"publish","type":"post","link":"https:\/\/pasaenmendoza.com\/?p=10042","title":{"rendered":"El momento en que el chofer perdi\u00f3 el control del micro e impact\u00f3 contra un \u00e1rbol"},"content":{"rendered":"\n<p>El d\u00eda despu\u00e9s de la tragedia que conmociona a Mendoza por el\u00a0<strong>accidente en el Parque General San Mart\u00edn<\/strong>\u00a0-en el que muri\u00f3 el chofer de un micro del Grupo 200- se conocieron las im\u00e1genes captadas por una c\u00e1mara de seguridad que muestra el momento en el que el colectivo pasa por la Rotonda de los Caballitos de Marly y termina embistiendo a un \u00e1rbol carolino.<\/p>\n\n\n\n<p>Seg\u00fan los compa\u00f1eros de&nbsp;<strong>Carlos Ram\u00f3n B\u00e9rgamo<\/strong>, el chofer que fue la \u00fanica v\u00edctima fatal del siniestro, les avis\u00f3 unos minutos antes que iba a tener que realizar una maniobra para salvar la vida de los pasajeros, porque el \u00f3mnibus se hab\u00eda quedado sin frenos.<\/p>\n\n\n\n<p>El periodista de<em>&nbsp;Radio Nihuil<\/em>&nbsp;y&nbsp;<em>El Siete<\/em>, Pablo Gamba entrevist\u00f3 a sus pares del Grupo 200, quienes dieron cuenta de que la existencia de un cami\u00f3n recolector en la trayectoria del colectivo habr\u00eda complicado m\u00e1s a\u00fan la maniobra de B\u00e9rgamo.<\/p>\n\n\n\n<p>Como consecuencia del accidente hay 17 personas que viajaban en el micro que sufrieron heridas de distinto tipo, algunas muy graves.<\/p>\n\n\n\n<p><strong>Fuente: www.diariouno.com.ar<\/strong><\/p>\n","protected":false},"excerpt":{"rendered":"<p>El d\u00eda despu\u00e9s de la tragedia que conmociona a Mendoza por el\u00a0accidente en el Parque General San Mart\u00edn\u00a0-en el que muri\u00f3 el chofer de un micro del Grupo 200- se conocieron las im\u00e1genes captadas por una c\u00e1mara de seguridad que muestra el momento en el que el colectivo pasa por la Rotonda de los Caballitos [&hellip;]<\/p>\n","protected":false},"author":2,"featured_media":10043,"comment_status":"open","ping_status":"open","sticky":false,"template":"","format":"standard","meta":[],"categories":[48],"tags":[],"_links":{"self":[{"href":"https:\/\/pasaenmendoza.com\/index.php?rest_route=\/wp\/v2\/posts\/10042"}],"collection":[{"href":"https:\/\/pasaenmendoza.com\/index.php?rest_route=\/wp\/v2\/posts"}],"about":[{"href":"https:\/\/pasaenmendoza.com\/index.php?rest_route=\/wp\/v2\/types\/post"}],"author":[{"embeddable":true,"href":"https:\/\/pasaenmendoza.com\/index.php?rest_route=\/wp\/v2\/users\/2"}],"replies":[{"embeddable":true,"href":"https:\/\/pasaenmendoza.com\/index.php?rest_route=%2Fwp%2Fv2%2Fcomments&post=10042"}],"version-history":[{"count":1,"href":"https:\/\/pasaenmendoza.com\/index.php?rest_route=\/wp\/v2\/posts\/10042\/revisions"}],"predecessor-version":[{"id":10044,"href":"https:\/\/pasaenmendoza.com\/index.php?rest_route=\/wp\/v2\/posts\/10042\/revisions\/10044"}],"wp:featuredmedia":[{"embeddable":true,"href":"https:\/\/pasaenmendoza.com\/index.php?rest_route=\/wp\/v2\/media\/10043"}],"wp:attachment":[{"href":"https:\/\/pasaenmendoza.com\/index.php?rest_route=%2Fwp%2Fv2%2Fmedia&parent=10042"}],"wp:term":[{"taxonomy":"category","embeddable":true,"href":"https:\/\/pasaenmendoza.com\/index.php?rest_route=%2Fwp%2Fv2%2Fcategories&post=10042"},{"taxonomy":"post_tag","embeddable":true,"href":"https:\/\/pasaenmendoza.com\/index.php?rest_route=%2Fwp%2Fv2%2Ftags&post=10042"}],"curies":[{"name":"wp","href":"https:\/\/api.w.org\/{rel}","templated":true}]}}