{"id":10045,"date":"2024-11-11T22:41:54","date_gmt":"2024-11-11T21:41:54","guid":{"rendered":"https:\/\/pasaenmendoza.com\/?p=10045"},"modified":"2024-11-11T22:41:54","modified_gmt":"2024-11-11T21:41:54","slug":"mendoza-presento-su-sendero-de-550-kilometros-para-recorrer-la-cordillera-de-los-andes","status":"publish","type":"post","link":"https:\/\/pasaenmendoza.com\/?p=10045","title":{"rendered":"Mendoza present\u00f3 su sendero de 550 kil\u00f3metros para recorrer la cordillera de Los Andes"},"content":{"rendered":"\n<p>Recorrer caminos monta\u00f1osos desde el Aconcagua hasta el paso Pehuenche, de la mano de instructores, con servicios de se\u00f1al\u00e9tica y el control de guardaparques ser\u00e1 posible en el nuevo\u00a0<strong>Sendero de Gran Recorrido de los Andes<\/strong>\u00a0presentado formalmente este lunes.<\/p>\n\n\n\n<p>As\u00ed lo dieron a conocer la ministra de Energ\u00eda y Ambiente,&nbsp;<strong>Jimena Latorre<\/strong>, la presidenta del Ente Mendoza Turismo,&nbsp;<strong>Gabriela Testa&nbsp;<\/strong>y el subsecretario de Deportes,&nbsp;<strong>Federico Chiapetta<\/strong>.<\/p>\n\n\n\n<p>Se trata de la apertura de 550 kil\u00f3metros de recorrido -450 de senderos y 100 de rutas de enlace- sobre un camino \u00fanico de\u00a0<strong>monta\u00f1as<\/strong>\u00a0que atraviesan de norte a sur la provincia uniendo siete departamentos. \u201cEl objetivo es posicionar a\u00a0<strong>Mendoza\u00a0<\/strong>a nivel internacional con estos senderos\u201d, dijo Latorre.<\/p>\n\n\n\n<h2 class=\"wp-block-heading\">Abrir la monta\u00f1a al turismo<\/h2>\n\n\n\n<p>\u201cApenas asumimos pensamos que era necesario abrir nuestra&nbsp;<strong>monta\u00f1a<\/strong>, nuestras \u00e1reas naturales protegidas, a los mendocinos y a quienes nos visitan para descubrir estos lugares espectaculares que tenemos en Mendoza\u201d, record\u00f3 Latorre sobre el momento en el que comenz\u00f3 a gestarse esta idea que tiene como impulsores a intendentes, monta\u00f1istas y funcionarios.<\/p>\n\n\n\n<p>El desaf\u00edo para hacerlo, era generar esas condiciones pero con control: \u201cConservacionismo vinculado al desarrollo de actividades controladas que permitan todas estas atracciones y estas vivencias de&nbsp;<strong>senderismo<\/strong>, de&nbsp;<strong>monta\u00f1ismo<\/strong>, tanto de turistas como de locales\u201d, generando a su vez, fuentes de trabajo.<\/p>\n\n\n\n<p>Los guardaparques tendr\u00e1n una tarea fundamental. Ser\u00e1n ellos los fiscalizadores del ambiente para que los gu\u00edas de\u00a0<strong>monta\u00f1a<\/strong>\u00a0y los andinistas \u201cdisfruten y muestren las maravillas que tenemos\u201d.<\/p>\n\n\n\n<p>La ministra de&nbsp;<strong>Ambiente<\/strong>&nbsp;explic\u00f3 en conferencia que algunas acciones tendr\u00e1n resultados m\u00e1s pr\u00f3ximos, en tanto que otros objetivos est\u00e1n programados a mediano y largo plazo.<\/p>\n\n\n\n<p>\u201cVamos a ir trackeando esos recorridos, se\u00f1aliz\u00e1ndolos, d\u00e1ndolos a conocer para que el turista que llega a un hotel del centro tenga el<strong>&nbsp;mapeo de ese sendero&nbsp;<\/strong>y lo pueda visualizar en una aplicaci\u00f3n\u201d, explic\u00f3 Latorre.<\/p>\n\n\n\n<p>La primera parte del trabajo estar\u00e1 enfocada en la se\u00f1alizaci\u00f3n, la dotaci\u00f3n de bases operativas e infraestructura &#8220;que permita, en algunos casos, salvar corrientes de agua o precipicios o sectores en donde no hay transitabilidad. Este verano comenzar\u00e1 el periodo de marcaci\u00f3n&#8221;, adelant\u00f3 Testa.<\/p>\n\n\n\n<p>Esta marcaci\u00f3n, a su vez, genera seguridad en el visitante. \u201cEl que va sabe de antemano a d\u00f3nde est\u00e1 el sendero, de qu\u00e9 se trata, cu\u00e1l es el recorrido, cu\u00e1l es la intensidad, c\u00f3mo tiene que ir preparado y a qui\u00e9n tiene que recurrir en caso de que haya alguna eventualidad\u201d, aport\u00f3 la presidenta del Emetur.<\/p>\n\n\n\n<p>Todos estos trabajos, entiende el Gobierno que lograr\u00e1n posicionar a Mendoza internacionalmente \u201ccon un sendero de largos y cortos recorridos que atraviesan la provincia transversalmente de norte a sur\u201d.<\/p>\n\n\n\n<p>Experiencias como \u00e9sta ya existen en muchos lugares de Europa, Asia y tambi\u00e9n de Canad\u00e1 y Estados Unidos.<\/p>\n\n\n\n<p><strong>Fuente: www.diariouno.com.ar<\/strong><\/p>\n","protected":false},"excerpt":{"rendered":"<p>Recorrer caminos monta\u00f1osos desde el Aconcagua hasta el paso Pehuenche, de la mano de instructores, con servicios de se\u00f1al\u00e9tica y el control de guardaparques ser\u00e1 posible en el nuevo\u00a0Sendero de Gran Recorrido de los Andes\u00a0presentado formalmente este lunes. As\u00ed lo dieron a conocer la ministra de Energ\u00eda y Ambiente,&nbsp;Jimena Latorre, la presidenta del Ente Mendoza [&hellip;]<\/p>\n","protected":false},"author":2,"featured_media":10046,"comment_status":"open","ping_status":"open","sticky":false,"template":"","format":"standard","meta":[],"categories":[64],"tags":[],"_links":{"self":[{"href":"https:\/\/pasaenmendoza.com\/index.php?rest_route=\/wp\/v2\/posts\/10045"}],"collection":[{"href":"https:\/\/pasaenmendoza.com\/index.php?rest_route=\/wp\/v2\/posts"}],"about":[{"href":"https:\/\/pasaenmendoza.com\/index.php?rest_route=\/wp\/v2\/types\/post"}],"author":[{"embeddable":true,"href":"https:\/\/pasaenmendoza.com\/index.php?rest_route=\/wp\/v2\/users\/2"}],"replies":[{"embeddable":true,"href":"https:\/\/pasaenmendoza.com\/index.php?rest_route=%2Fwp%2Fv2%2Fcomments&post=10045"}],"version-history":[{"count":1,"href":"https:\/\/pasaenmendoza.com\/index.php?rest_route=\/wp\/v2\/posts\/10045\/revisions"}],"predecessor-version":[{"id":10047,"href":"https:\/\/pasaenmendoza.com\/index.php?rest_route=\/wp\/v2\/posts\/10045\/revisions\/10047"}],"wp:featuredmedia":[{"embeddable":true,"href":"https:\/\/pasaenmendoza.com\/index.php?rest_route=\/wp\/v2\/media\/10046"}],"wp:attachment":[{"href":"https:\/\/pasaenmendoza.com\/index.php?rest_route=%2Fwp%2Fv2%2Fmedia&parent=10045"}],"wp:term":[{"taxonomy":"category","embeddable":true,"href":"https:\/\/pasaenmendoza.com\/index.php?rest_route=%2Fwp%2Fv2%2Fcategories&post=10045"},{"taxonomy":"post_tag","embeddable":true,"href":"https:\/\/pasaenmendoza.com\/index.php?rest_route=%2Fwp%2Fv2%2Ftags&post=10045"}],"curies":[{"name":"wp","href":"https:\/\/api.w.org\/{rel}","templated":true}]}}