{"id":1005,"date":"2023-08-28T22:42:54","date_gmt":"2023-08-28T20:42:54","guid":{"rendered":"https:\/\/pasaenmendoza.com\/?p=1005"},"modified":"2023-08-28T22:43:50","modified_gmt":"2023-08-28T20:43:50","slug":"exclusivo-boxdiario-mientras-la-gente-no-tiene-para-comer-nos-llegaron-fotos-de-orozco-y-ortiz-en-cancun-con-una-cartera-de-300-euros","status":"publish","type":"post","link":"https:\/\/pasaenmendoza.com\/?p=1005","title":{"rendered":"Exclusivo: Mientras la gente no tiene para comer, nos llegaron fotos de Orozco y Ortiz en Canc\u00fan con una cartera de 300 euros."},"content":{"rendered":"\n<p>$220.000 es lo que vale la cartera con la que se la ve a Janina Ortiz en el aeropuerto de Canc\u00fan el equivalente a 200kg de carne molida.<\/p>\n\n\n\n<figure class=\"wp-block-image\"><img decoding=\"async\" src=\"https:\/\/boxdiario.com.ar\/wp-content\/uploads\/2023\/08\/WhatsApp-Image-2023-08-28-at-10.58.40-1-1024x819.jpeg\" alt=\"\" class=\"wp-image-819\"\/><\/figure>\n\n\n\n<p>Le consultamos a una vecina de Las Heras a ver c\u00f3mo le ca\u00eda esta situaci\u00f3n. Expres\u00f3 indignada \u00abestamos hartos de ver c\u00f3mo utilizan y malgastan nuestro dinero, porque ellos trabajan para nosotros y viven de lo que nosotros aportamos d\u00eda a d\u00eda, imaginate lo que yo siento que a m\u00ed no me alcanza para comer y puedo comprar carne para mis hijos s\u00f3lo una vez a la semana\u00bb<\/p>\n\n\n\n<p>\u00abNo podemos quedarnos de brazos cruzados mientras Daniel Orozco abusa de su posici\u00f3n para enriquecerse a expensas de nuestro departamento\u00bb continuaba la vecina .<\/p>\n\n\n\n<p>La falta de respeto y empat\u00eda con la sociedad versus el complejo contexto social que se vive por estos momentos fueron la gota que derram\u00f3 el vaso de la paciencia ciudadana por el reciente viaje para disfrutar de su luna de miel.<\/p>\n\n\n\n<p>Mientras tanto siguen cayendo sobre la gesti\u00f3n del Doctor Orozco m\u00faltiples denuncias relacionadas a malversaci\u00f3n de fondos, enriquecimiento il\u00edcito que lo llevaron a tribunales d\u00edas pasados junto a Janina Ortiz para comparecer en la causa de las Cooperativas Truchas, a las que ambos se abstuvieron a declarar.<\/p>\n\n\n\n<p>Mucha falta de tacto justo en la semana donde se produjeron tantos incidentes que siguen afectando al municipio y de los cu\u00e1les hasta el momento no se lo ha visto dar la cara para brindar calma a los vecinos.<\/p>\n\n\n\n<figure class=\"wp-block-image\"><img decoding=\"async\" src=\"https:\/\/boxdiario.com.ar\/wp-content\/uploads\/2023\/08\/1000142151-768x1024.jpg\" alt=\"\" class=\"wp-image-833\"\/><\/figure>\n\n\n\n<p>FUENTE: BOXDIARIO.COM.AR<\/p>\n","protected":false},"excerpt":{"rendered":"<p>$220.000 es lo que vale la cartera con la que se la ve a Janina Ortiz en el aeropuerto de Canc\u00fan el equivalente a 200kg de carne molida. Le consultamos a una vecina de Las Heras a ver c\u00f3mo le ca\u00eda esta situaci\u00f3n. Expres\u00f3 indignada \u00abestamos hartos de ver c\u00f3mo utilizan y malgastan nuestro dinero, [&hellip;]<\/p>\n","protected":false},"author":2,"featured_media":1006,"comment_status":"open","ping_status":"open","sticky":true,"template":"","format":"standard","meta":[],"categories":[47],"tags":[],"_links":{"self":[{"href":"https:\/\/pasaenmendoza.com\/index.php?rest_route=\/wp\/v2\/posts\/1005"}],"collection":[{"href":"https:\/\/pasaenmendoza.com\/index.php?rest_route=\/wp\/v2\/posts"}],"about":[{"href":"https:\/\/pasaenmendoza.com\/index.php?rest_route=\/wp\/v2\/types\/post"}],"author":[{"embeddable":true,"href":"https:\/\/pasaenmendoza.com\/index.php?rest_route=\/wp\/v2\/users\/2"}],"replies":[{"embeddable":true,"href":"https:\/\/pasaenmendoza.com\/index.php?rest_route=%2Fwp%2Fv2%2Fcomments&post=1005"}],"version-history":[{"count":2,"href":"https:\/\/pasaenmendoza.com\/index.php?rest_route=\/wp\/v2\/posts\/1005\/revisions"}],"predecessor-version":[{"id":1008,"href":"https:\/\/pasaenmendoza.com\/index.php?rest_route=\/wp\/v2\/posts\/1005\/revisions\/1008"}],"wp:featuredmedia":[{"embeddable":true,"href":"https:\/\/pasaenmendoza.com\/index.php?rest_route=\/wp\/v2\/media\/1006"}],"wp:attachment":[{"href":"https:\/\/pasaenmendoza.com\/index.php?rest_route=%2Fwp%2Fv2%2Fmedia&parent=1005"}],"wp:term":[{"taxonomy":"category","embeddable":true,"href":"https:\/\/pasaenmendoza.com\/index.php?rest_route=%2Fwp%2Fv2%2Fcategories&post=1005"},{"taxonomy":"post_tag","embeddable":true,"href":"https:\/\/pasaenmendoza.com\/index.php?rest_route=%2Fwp%2Fv2%2Ftags&post=1005"}],"curies":[{"name":"wp","href":"https:\/\/api.w.org\/{rel}","templated":true}]}}