{"id":10051,"date":"2024-11-11T23:14:00","date_gmt":"2024-11-11T22:14:00","guid":{"rendered":"https:\/\/pasaenmendoza.com\/?p=10051"},"modified":"2024-11-11T23:14:01","modified_gmt":"2024-11-11T22:14:01","slug":"tras-el-aumento-del-micro-el-gobierno-actualizo-tarifas-de-media-y-larga-distancia-provincial","status":"publish","type":"post","link":"https:\/\/pasaenmendoza.com\/?p=10051","title":{"rendered":"Tras el aumento del micro, el Gobierno actualiz\u00f3 tarifas de media y larga distancia provincial"},"content":{"rendered":"\n<p>La tarifa de los\u00a0<strong>micros\u00a0<\/strong>de media y larga distancia sufri\u00f3 un aumento del 30%, a partir de este lunes. El incremento va atado al que se aplic\u00f3 sobre los recorridos urbanos, que pas\u00f3 de $650 a 850, y que rige desde la semana pasada.<\/p>\n\n\n\n<p>La subsecretar\u00eda de&nbsp;<strong>Transporte&nbsp;<\/strong>lo inform\u00f3 as\u00ed mediante la resoluci\u00f3n N\u00ba 1.866 publicada en el Bolet\u00edn Oficial.<\/p>\n\n\n\n<p>\u201cLa tarifa para el\u00a0<strong>Servicio P\u00fablico de Transporte de Pasajeros de la Media y Larga Distancia<\/strong>\u00a0de la provincia de\u00a0<strong>Mendoza<\/strong>\u00a0en sus recorridos urbanos ser\u00e1 igual a la Tarifa General del Transporte Urbano \u00c1rea Metropolitana de Gran Mendoza mediante \u00f3mnibus, debiendo adecuarse las tarifas para el resto de los recorridos manteniendo una proporci\u00f3n promedio similar a la establecida para los recorridos urbanos\u201d, establece la medida.<\/p>\n\n\n\n<h2 class=\"wp-block-heading\">Precios para viajar desde Mendoza hacia el \u201cinterior\u201d de la provincia<\/h2>\n\n\n\n<p>En la resoluci\u00f3n se anexan los cuadros tarifarios de las empresas que realizan 12 recorridos de media y larga distancia distribuidos en toda Mendoza:&nbsp;<strong>Prestaciones SA (grupo 300); Andesmar (Grupo 400); Buttini (Grupos 540 y 570); Iselin (Grupo 510); CATA (Grupo 580); La Uni\u00f3n (Grupo 610); CATA (Grupo 650); Dice Tours (Grupo 700); Nueva Generaci\u00f3n (Grupo 750); CATA (Grupo 800); y Transportes Mitre (Grupo 850)<\/strong>.<\/p>\n\n\n\n<p>En el anexo figuran todas las tarifas de cada empresa y l\u00ednea de colectivo de media y larga distancia.<\/p>\n\n\n\n<p>Llegar a&nbsp;<strong>Lavalle<\/strong>&nbsp;desde la terminal de micros cuesta desde este lunes $2.400. En tanto que, hacia el Valle de Uco, el precio desde Mendoza pas\u00f3 a ser de $7.150 a&nbsp;<strong>Tupungato<\/strong>, $8.500 a&nbsp;<strong>Tunuy\u00e1n&nbsp;<\/strong>y $8.900 a&nbsp;<strong>San Carlos<\/strong>.<\/p>\n\n\n\n<p>Al Este, desde la terminal, los boletos pasaron a costar $2.800 a&nbsp;<strong>San Mart\u00edn<\/strong>; $3.800 a&nbsp;<strong>Rivadavia<\/strong>; $4.750 a&nbsp;<strong>Las Catitas<\/strong>&nbsp;y $7.900 a&nbsp;<strong>La Paz<\/strong>.<\/p>\n\n\n\n<p>Hacia la monta\u00f1a, el micro cuesta $3.050 a&nbsp;<strong>Cacheuta<\/strong>; $3.800 a&nbsp;<strong>Potrerillos<\/strong>; y $5.100 a El Salto o Las Vegas.<\/p>\n\n\n\n<p>A&nbsp;<strong>Uspallata&nbsp;<\/strong>el boleto est\u00e1 en $9.850. Y a&nbsp;<strong>Penitentes<\/strong>, Puente de Inca o Las Cuevas, $11.550.<\/p>\n\n\n\n<p>Los pasajes al Sur van desde $13.150, que es lo que pas\u00f3 a costar el viaje a\u00a0<strong>San Rafael<\/strong>, hasta $24.500, que es el valor del precio a\u00a0<strong>Malarg\u00fce<\/strong>. En tanto que hacia\u00a0<strong>General Alvear<\/strong>, pas\u00f3 a costar $18.100.<\/p>\n\n\n\n<h2 class=\"wp-block-heading\">Horario \u201cvalle\u201d<\/h2>\n\n\n\n<p>As\u00ed como sucedi\u00f3 en el caso de los recorridos urbanos, para los de media y larga distancia tambi\u00e9n se establecieron&nbsp;<strong>horarios diferenciales<\/strong>&nbsp;en los llamados \u201cvalles\u201d.<\/p>\n\n\n\n<p>En este caso, comprende los d\u00edas h\u00e1biles de 9 a 11 y de 14.30 a 16; y aplica a los recorridos de las l\u00edneas 511-512-513-514-518 que presta la empresa\u00a0<strong>Iselin S.A.\u00a0<\/strong>y las l\u00edneas 542-543-544-573 que presta la empresa\u00a0<strong>Buttini S.R.L.<\/strong><\/p>\n\n\n\n<p><strong>Fuente: www.diariouno.com.ar<\/strong><\/p>\n","protected":false},"excerpt":{"rendered":"<p>La tarifa de los\u00a0micros\u00a0de media y larga distancia sufri\u00f3 un aumento del 30%, a partir de este lunes. El incremento va atado al que se aplic\u00f3 sobre los recorridos urbanos, que pas\u00f3 de $650 a 850, y que rige desde la semana pasada. La subsecretar\u00eda de&nbsp;Transporte&nbsp;lo inform\u00f3 as\u00ed mediante la resoluci\u00f3n N\u00ba 1.866 publicada en [&hellip;]<\/p>\n","protected":false},"author":2,"featured_media":10052,"comment_status":"open","ping_status":"open","sticky":false,"template":"","format":"standard","meta":[],"categories":[80],"tags":[],"_links":{"self":[{"href":"https:\/\/pasaenmendoza.com\/index.php?rest_route=\/wp\/v2\/posts\/10051"}],"collection":[{"href":"https:\/\/pasaenmendoza.com\/index.php?rest_route=\/wp\/v2\/posts"}],"about":[{"href":"https:\/\/pasaenmendoza.com\/index.php?rest_route=\/wp\/v2\/types\/post"}],"author":[{"embeddable":true,"href":"https:\/\/pasaenmendoza.com\/index.php?rest_route=\/wp\/v2\/users\/2"}],"replies":[{"embeddable":true,"href":"https:\/\/pasaenmendoza.com\/index.php?rest_route=%2Fwp%2Fv2%2Fcomments&post=10051"}],"version-history":[{"count":1,"href":"https:\/\/pasaenmendoza.com\/index.php?rest_route=\/wp\/v2\/posts\/10051\/revisions"}],"predecessor-version":[{"id":10053,"href":"https:\/\/pasaenmendoza.com\/index.php?rest_route=\/wp\/v2\/posts\/10051\/revisions\/10053"}],"wp:featuredmedia":[{"embeddable":true,"href":"https:\/\/pasaenmendoza.com\/index.php?rest_route=\/wp\/v2\/media\/10052"}],"wp:attachment":[{"href":"https:\/\/pasaenmendoza.com\/index.php?rest_route=%2Fwp%2Fv2%2Fmedia&parent=10051"}],"wp:term":[{"taxonomy":"category","embeddable":true,"href":"https:\/\/pasaenmendoza.com\/index.php?rest_route=%2Fwp%2Fv2%2Fcategories&post=10051"},{"taxonomy":"post_tag","embeddable":true,"href":"https:\/\/pasaenmendoza.com\/index.php?rest_route=%2Fwp%2Fv2%2Ftags&post=10051"}],"curies":[{"name":"wp","href":"https:\/\/api.w.org\/{rel}","templated":true}]}}