{"id":10060,"date":"2024-11-12T14:20:12","date_gmt":"2024-11-12T13:20:12","guid":{"rendered":"https:\/\/pasaenmendoza.com\/?p=10060"},"modified":"2024-11-12T14:20:13","modified_gmt":"2024-11-12T13:20:13","slug":"atencion-policial-eficiente-la-capacitacion-clave-que-se-desarrolla-en-mendoza","status":"publish","type":"post","link":"https:\/\/pasaenmendoza.com\/?p=10060","title":{"rendered":"Atenci\u00f3n policial eficiente: la capacitaci\u00f3n clave que se desarrolla en Mendoza"},"content":{"rendered":"\n<p>En un esfuerzo por mejorar la respuesta a las llamadas de\u00a0<strong>emergencia<\/strong>y optimizar la atenci\u00f3n al ciudadano, la\u00a0<strong>Polic\u00eda de Mendoza<\/strong>\u00a0ha implementado un programa de\u00a0<strong>capacitaci\u00f3n\u00a0<\/strong>intensivo para su personal.<\/p>\n\n\n\n<p>Este programa busca equipar a los oficiales con las herramientas y habilidades necesarias para manejar situaciones de\u00a0<strong>emergencia\u00a0<\/strong>de manera m\u00e1s eficiente y efectiva.<\/p>\n\n\n\n<p>La&nbsp;<strong>capacitaci\u00f3n&nbsp;<\/strong>se centra en la mejora de la comunicaci\u00f3n, la toma de decisiones bajo presi\u00f3n y la resoluci\u00f3n de problemas. Los oficiales est\u00e1n aprendiendo a procesar informaci\u00f3n r\u00e1pidamente, priorizar las llamadas y responder de forma adecuada a diferentes tipos de emergencias, desde accidentes de tr\u00e1fico hasta situaciones de violencia dom\u00e9stica.<\/p>\n\n\n\n<p>Adem\u00e1s de las t\u00e9cnicas de comunicaci\u00f3n, el programa incluy\u00f3\u00a0simulacros realistas que permitieron\u00a0a los oficiales practicar sus habilidades en un entorno seguro y controlado. Estos simulacros ayudar\u00e1n a identificar \u00e1reas de mejora y a fortalecer la coordinaci\u00f3n entre los diferentes equipos de respuesta.<\/p>\n\n\n\n<p>Se espera que esta capacitaci\u00f3n reduzca el tiempo de respuesta a las emergencias, mejore la calidad de la atenci\u00f3n al ciudadano y, en \u00faltima instancia, contribuya a una mayor seguridad para todos.<\/p>\n\n\n\n<p>El programa tambi\u00e9n incluye m\u00f3dulos sobre la gesti\u00f3n del estr\u00e9s y el cuidado de la salud mental de los oficiales, reconociendo la importancia del bienestar del personal en la prestaci\u00f3n de un servicio eficiente y efectivo. Con esta iniciativa, se busca que los oficiales est\u00e9n preparados no solo para manejar las emergencias, sino tambi\u00e9n para cuidar su propio bienestar.<\/p>\n\n\n\n<p>La implementaci\u00f3n de este programa de capacitaci\u00f3n representa un paso significativo hacia la modernizaci\u00f3n de la respuesta policial a las emergencias.<\/p>\n\n\n\n<p>Desde las fuerzas\u00a0esperan que los resultados de esta iniciativa se traduzcan en una mejora sustancial en la seguridad y el bienestar de la comunidad.<\/p>\n\n\n\n<p><strong>Fuente: www.mdzol.com<\/strong><\/p>\n","protected":false},"excerpt":{"rendered":"<p>En un esfuerzo por mejorar la respuesta a las llamadas de\u00a0emergenciay optimizar la atenci\u00f3n al ciudadano, la\u00a0Polic\u00eda de Mendoza\u00a0ha implementado un programa de\u00a0capacitaci\u00f3n\u00a0intensivo para su personal. Este programa busca equipar a los oficiales con las herramientas y habilidades necesarias para manejar situaciones de\u00a0emergencia\u00a0de manera m\u00e1s eficiente y efectiva. La&nbsp;capacitaci\u00f3n&nbsp;se centra en la mejora de la [&hellip;]<\/p>\n","protected":false},"author":2,"featured_media":10061,"comment_status":"open","ping_status":"open","sticky":false,"template":"","format":"standard","meta":[],"categories":[48],"tags":[],"_links":{"self":[{"href":"https:\/\/pasaenmendoza.com\/index.php?rest_route=\/wp\/v2\/posts\/10060"}],"collection":[{"href":"https:\/\/pasaenmendoza.com\/index.php?rest_route=\/wp\/v2\/posts"}],"about":[{"href":"https:\/\/pasaenmendoza.com\/index.php?rest_route=\/wp\/v2\/types\/post"}],"author":[{"embeddable":true,"href":"https:\/\/pasaenmendoza.com\/index.php?rest_route=\/wp\/v2\/users\/2"}],"replies":[{"embeddable":true,"href":"https:\/\/pasaenmendoza.com\/index.php?rest_route=%2Fwp%2Fv2%2Fcomments&post=10060"}],"version-history":[{"count":1,"href":"https:\/\/pasaenmendoza.com\/index.php?rest_route=\/wp\/v2\/posts\/10060\/revisions"}],"predecessor-version":[{"id":10062,"href":"https:\/\/pasaenmendoza.com\/index.php?rest_route=\/wp\/v2\/posts\/10060\/revisions\/10062"}],"wp:featuredmedia":[{"embeddable":true,"href":"https:\/\/pasaenmendoza.com\/index.php?rest_route=\/wp\/v2\/media\/10061"}],"wp:attachment":[{"href":"https:\/\/pasaenmendoza.com\/index.php?rest_route=%2Fwp%2Fv2%2Fmedia&parent=10060"}],"wp:term":[{"taxonomy":"category","embeddable":true,"href":"https:\/\/pasaenmendoza.com\/index.php?rest_route=%2Fwp%2Fv2%2Fcategories&post=10060"},{"taxonomy":"post_tag","embeddable":true,"href":"https:\/\/pasaenmendoza.com\/index.php?rest_route=%2Fwp%2Fv2%2Ftags&post=10060"}],"curies":[{"name":"wp","href":"https:\/\/api.w.org\/{rel}","templated":true}]}}