{"id":10066,"date":"2024-11-12T15:41:57","date_gmt":"2024-11-12T14:41:57","guid":{"rendered":"https:\/\/pasaenmendoza.com\/?p=10066"},"modified":"2024-11-12T15:41:58","modified_gmt":"2024-11-12T14:41:58","slug":"asesinato-e-incendio-de-viviendas-en-godoy-cruz-enviaron-a-la-carcel-al-sujeto-que-se-ocultaba-en-rivadavia","status":"publish","type":"post","link":"https:\/\/pasaenmendoza.com\/?p=10066","title":{"rendered":"Asesinato e incendio de viviendas en Godoy Cruz: enviaron a la c\u00e1rcel al sujeto que se ocultaba en Rivadavia"},"content":{"rendered":"\n<p>La Fiscal\u00eda de Homicidios envi\u00f3 a<strong>\u00a0la c\u00e1rcel al sujeto que habr\u00eda asesinado a un hombre en Godoy Cruz<\/strong>, crimen que gener\u00f3 una protesta barrial en la que se\u00a0<strong>quemaron seis viviendas habitadas por los familiares del sospechoso.<\/strong><\/p>\n\n\n\n<p>Este fin de semana la fiscal Andrea Lazo imput\u00f3 a&nbsp;<strong>Andr\u00e9s Claudio G\u00f3mez Pallero (35) por homicidio<\/strong>&nbsp;agravado por uso de arma de fuego, cuya v\u00edctima fue Roberto David Karim Tapia Guevara (30), un vecino del barrio Solidaridad de Godoy Cruz.<\/p>\n\n\n\n<p>G\u00f3mez fue detenido el viernes pasado en Rivadavia por personal de Investigaciones, tras establecer que se ocultaba en la casa de la abuela materna de su pareja, ubicada en calle Quintana, en el distrito de Los \u00c1rboles.<\/p>\n\n\n\n<p>Al d\u00eda siguiente los vecinos de la zona realizaron una protesta que termin\u00f3 de forma violenta con seis casas incendiadas. Esas viviendas eran habitadas por un clan familiar, un matrimonio, varios hijos y otros parientes, cada uno con sus respectivos hijos, que resid\u00edan en la manzana \u201cF\u201d.<\/p>\n\n\n\n<h2 class=\"wp-block-heading\"><strong>Crimen y protesta violenta<\/strong><\/h2>\n\n\n\n<p>El viernes 20 de setiembre por la noche, el hermano de la v\u00edctima, un chico de 17 a\u00f1os, fue amenazado con un arma por algunos individuos que habitaban las casas que luego se quemaron.<\/p>\n\n\n\n<p>El chico volvi\u00f3 a su casa, ubicada en el \u201cSector 12\u2033, a poco m\u00e1s de una cuadra de la esquina de los conflictos, y le cont\u00f3 a Roberto lo que hab\u00eda sucedido.<\/p>\n\n\n\n<p>Al d\u00eda siguiente, cerca de las 11, Roberto Tapia ten\u00eda que ir a buscar un mueble a Las Heras, pero antes fue a comprar algo para desayunar y se encontr\u00f3 con su hermano que era agredido por un grupo de hombres, entonces llam\u00f3 a su mujer para explicarle la situaci\u00f3n.<\/p>\n\n\n\n<p>La mujer fue entonces al lugar del hecho. \u201cVeo a mi cu\u00f1ado peleando con cuatro o cinco tipos y ellos sacaron armas. Mi marido, cuando ve que los est\u00e1n rodeando y que est\u00e1n armados, se acerca para sacar al chico y entonces el tipo empieza a tirar varias veces\u201d, cont\u00f3 la viuda a este diario.<\/p>\n\n\n\n<p>\u201c\u00c9l quiso sacarlo y le dieron por la espalda. Me acerco y me dice: \u2018Me pegaron un tiro\u2019 y cuando voy a agarrarlo, se me desplom\u00f3 en los brazos\u201d, agreg\u00f3 la mujer con l\u00e1grimas en los ojos.<\/p>\n\n\n\n<p>Despu\u00e9s, un vecino que pasaba por el lugar lo traslad\u00f3 a la guardia del hospital Lencinas. Tapia ten\u00eda una herida de arma de fuego en el flanco izquierdo de la espalda, con orificio de entrada sin salida, es decir que el plomo hab\u00eda quedado alojado.<\/p>\n\n\n\n<p>Adem\u00e1s, hab\u00eda sufrido un roce en el brazo izquierdo, seg\u00fan constataron los m\u00e9dicos que lo asistieron y que, minutos despu\u00e9s, certificaron que hab\u00eda fallecido.<\/p>\n\n\n\n<p>Al d\u00eda siguiente los vecinos de la zona realizaron una protesta que termin\u00f3 de forma violenta con seis casas incendiadas. Esas viviendas eran habitadas por un clan familiar, un matrimonio, varios hijos y otros parientes, cada uno con sus respectivos hijos, que resid\u00edan en la manzana \u201cF\u201d del barrio Solidaridad.<\/p>\n\n\n\n<p><strong>Fuente: www.losandes.com.ar<\/strong><\/p>\n\n\n\n<p><a href=\"https:\/\/www.losandes.com.ar\/policiales\/femicidio-del-carrizal-se-declaro-culpable-y-fue-condenado-a-perpetua-el-sanjuanino-que-dio-muerte-a-maria-victoria-ruiz\/\"><\/a><\/p>\n","protected":false},"excerpt":{"rendered":"<p>La Fiscal\u00eda de Homicidios envi\u00f3 a\u00a0la c\u00e1rcel al sujeto que habr\u00eda asesinado a un hombre en Godoy Cruz, crimen que gener\u00f3 una protesta barrial en la que se\u00a0quemaron seis viviendas habitadas por los familiares del sospechoso. Este fin de semana la fiscal Andrea Lazo imput\u00f3 a&nbsp;Andr\u00e9s Claudio G\u00f3mez Pallero (35) por homicidio&nbsp;agravado por uso de [&hellip;]<\/p>\n","protected":false},"author":2,"featured_media":10067,"comment_status":"open","ping_status":"open","sticky":false,"template":"","format":"standard","meta":[],"categories":[48],"tags":[],"_links":{"self":[{"href":"https:\/\/pasaenmendoza.com\/index.php?rest_route=\/wp\/v2\/posts\/10066"}],"collection":[{"href":"https:\/\/pasaenmendoza.com\/index.php?rest_route=\/wp\/v2\/posts"}],"about":[{"href":"https:\/\/pasaenmendoza.com\/index.php?rest_route=\/wp\/v2\/types\/post"}],"author":[{"embeddable":true,"href":"https:\/\/pasaenmendoza.com\/index.php?rest_route=\/wp\/v2\/users\/2"}],"replies":[{"embeddable":true,"href":"https:\/\/pasaenmendoza.com\/index.php?rest_route=%2Fwp%2Fv2%2Fcomments&post=10066"}],"version-history":[{"count":1,"href":"https:\/\/pasaenmendoza.com\/index.php?rest_route=\/wp\/v2\/posts\/10066\/revisions"}],"predecessor-version":[{"id":10068,"href":"https:\/\/pasaenmendoza.com\/index.php?rest_route=\/wp\/v2\/posts\/10066\/revisions\/10068"}],"wp:featuredmedia":[{"embeddable":true,"href":"https:\/\/pasaenmendoza.com\/index.php?rest_route=\/wp\/v2\/media\/10067"}],"wp:attachment":[{"href":"https:\/\/pasaenmendoza.com\/index.php?rest_route=%2Fwp%2Fv2%2Fmedia&parent=10066"}],"wp:term":[{"taxonomy":"category","embeddable":true,"href":"https:\/\/pasaenmendoza.com\/index.php?rest_route=%2Fwp%2Fv2%2Fcategories&post=10066"},{"taxonomy":"post_tag","embeddable":true,"href":"https:\/\/pasaenmendoza.com\/index.php?rest_route=%2Fwp%2Fv2%2Ftags&post=10066"}],"curies":[{"name":"wp","href":"https:\/\/api.w.org\/{rel}","templated":true}]}}