{"id":10070,"date":"2024-11-12T22:44:45","date_gmt":"2024-11-12T21:44:45","guid":{"rendered":"https:\/\/pasaenmendoza.com\/?p=10070"},"modified":"2024-11-12T22:44:46","modified_gmt":"2024-11-12T21:44:46","slug":"con-el-25-la-inflacion-en-mendoza-sigue-debajo-del-indice-nacional-por-alimentos-y-bebidas","status":"publish","type":"post","link":"https:\/\/pasaenmendoza.com\/?p=10070","title":{"rendered":"Con el 2,5%, la inflaci\u00f3n en Mendoza sigue debajo del \u00edndice nacional por alimentos y bebidas"},"content":{"rendered":"\n<p>Estad\u00edsticamente,\u00a0<strong>con el 2,5% la\u00a0inflaci\u00f3n\u00a0oficial de octubre en Mendoza volvi\u00f3 a batir su propio r\u00e9cord<\/strong>, que ya hab\u00eda roto con el 2,7% el mes pasado. Al desarmar el IPC (\u00cdndice de Precios al Consumidor) ponderado por la Direcci\u00f3n de Estad\u00edsticas provincial (DEIE) surge que\u00a0<strong>Alimentos y Bebidas explica ese bajo nivel por segundo mes consecutivo<\/strong>.<\/p>\n\n\n\n<p><strong>El IPC medido por INDEC cay\u00f3 de un mes al otro 0,8%, mientras que la variaci\u00f3n de precios en Mendoza se redujo s\u00f3lo 0,2% respecto de septiembre<\/strong>. Suficiente como para mantenerse por debajo del valor pa\u00eds, y volver a ratificar que es\u00a0<strong>el menor valor de los \u00faltimos 2 a\u00f1os en la provincia\u00a0<\/strong>que permiti\u00f3 al acumulado anual estar a punto de perforar el 98%.<\/p>\n\n\n\n<p>El rubro que refleja el consumo masivo cotidiano y tiene un peso relativo importante en la canasta familiar<strong>\u00a0creci\u00f3 apenas 0,7% el \u00faltimo mes.\u00a0<\/strong>Incluso a nivel\u00a0<strong>regi\u00f3n Cuyo dio negativo\u00a0<\/strong>(-0,4%), atribuible a una ca\u00edda promedio del 10% en el precio de las verduras en parte por la estacionalidad de producci\u00f3n.<\/p>\n\n\n\n<h2 class=\"wp-block-heading\">Indumentaria y gastos de vivienda, arriba<\/h2>\n\n\n\n<p>Con todo,&nbsp;<strong>al parecer alcanz\u00f3 a neutralizar la suba<\/strong>&nbsp;de los 2 m\u00e1s inflacionarios durante octubre: el principal fue&nbsp;<strong>indumentaria<\/strong>, con<strong>&nbsp;7,5%,&nbsp;<\/strong>con el precio del calzado como el factor principal (subi\u00f3 5,4% intermensual), seguido por el de la ropa (3,9%).<\/p>\n\n\n\n<p>El restante,\u00a0<strong>Vivienda y Servicios B\u00e1sicos, trep\u00f3 6,8%,<\/strong>\u00a0a ra\u00edz de una nueva suba de alquileres y tarifas.<\/p>\n\n\n\n<p>De hecho, seg\u00fan discrimin\u00f3 el propio INDEC, en Cuyo (con Mendoza a la cabeza), el apartado Vivienda, incluidos agua, electricidad, gas y otros combustibles tuvo la mayor incidencia (5,4%) dentro del IPC de octubre.<\/p>\n\n\n\n<p>El agregado es que los&nbsp;<strong>servicios regulados ya aumentaron el 295%&nbsp;<\/strong>el \u00faltimo a\u00f1o<strong>,&nbsp;<\/strong>casi el doble de los precios estacionales.<\/p>\n\n\n\n<h2 class=\"wp-block-heading\">Otra base de c\u00e1lculo de la inflaci\u00f3n<\/h2>\n\n\n\n<p>Un poco m\u00e1s atr\u00e1s, el gasto en Esparcimiento y tambi\u00e9n el de Educaci\u00f3n (cuotas de colegios privados, entre otros \u00edtems) con 3,9% tambi\u00e9n aportaron para mover la balanza a favor del 2,5% del \u00edndice general de precios de octubre.<\/p>\n\n\n\n<p>Mientras tanto, la DEIE ya decidi\u00f3 que empezar\u00e1 a tomar una nueva base de c\u00e1lculo para la inflaci\u00f3n en la provincia.<\/p>\n\n\n\n<p>&#8220;Se est\u00e1 desarrollando el&nbsp;<strong>nuevo a\u00f1o base para el c\u00e1lculo del IPC, con informaci\u00f3n de la Encuesta Nacional de Gastos de Hogares 2017\/2018<\/strong>&#8220;, informaron desde la DEIE.<\/p>\n\n\n\n<p>Actualmente, la base de medici\u00f3n del \u00edndice es la canasta de consumo correspondiente al 2010. Una muestra que, para los t\u00e9cnicos, no refleja los cambios de h\u00e1bito propios de la \u00faltima d\u00e9cada, como el uso de plataformas y telefon\u00eda celular.<\/p>\n\n\n\n<p>Por eso, en el organismo estad\u00edstico provincial admitieron que &#8220;<strong>el objetivo es ampliar la canasta de bienes y servicios para que refleje la actualidad<\/strong>&#8220;.<\/p>\n\n\n\n<p><strong>Fuente: www.diariouno.com.ar<\/strong><\/p>\n","protected":false},"excerpt":{"rendered":"<p>Estad\u00edsticamente,\u00a0con el 2,5% la\u00a0inflaci\u00f3n\u00a0oficial de octubre en Mendoza volvi\u00f3 a batir su propio r\u00e9cord, que ya hab\u00eda roto con el 2,7% el mes pasado. Al desarmar el IPC (\u00cdndice de Precios al Consumidor) ponderado por la Direcci\u00f3n de Estad\u00edsticas provincial (DEIE) surge que\u00a0Alimentos y Bebidas explica ese bajo nivel por segundo mes consecutivo. El IPC [&hellip;]<\/p>\n","protected":false},"author":2,"featured_media":10071,"comment_status":"open","ping_status":"open","sticky":false,"template":"","format":"standard","meta":[],"categories":[75],"tags":[],"_links":{"self":[{"href":"https:\/\/pasaenmendoza.com\/index.php?rest_route=\/wp\/v2\/posts\/10070"}],"collection":[{"href":"https:\/\/pasaenmendoza.com\/index.php?rest_route=\/wp\/v2\/posts"}],"about":[{"href":"https:\/\/pasaenmendoza.com\/index.php?rest_route=\/wp\/v2\/types\/post"}],"author":[{"embeddable":true,"href":"https:\/\/pasaenmendoza.com\/index.php?rest_route=\/wp\/v2\/users\/2"}],"replies":[{"embeddable":true,"href":"https:\/\/pasaenmendoza.com\/index.php?rest_route=%2Fwp%2Fv2%2Fcomments&post=10070"}],"version-history":[{"count":1,"href":"https:\/\/pasaenmendoza.com\/index.php?rest_route=\/wp\/v2\/posts\/10070\/revisions"}],"predecessor-version":[{"id":10072,"href":"https:\/\/pasaenmendoza.com\/index.php?rest_route=\/wp\/v2\/posts\/10070\/revisions\/10072"}],"wp:featuredmedia":[{"embeddable":true,"href":"https:\/\/pasaenmendoza.com\/index.php?rest_route=\/wp\/v2\/media\/10071"}],"wp:attachment":[{"href":"https:\/\/pasaenmendoza.com\/index.php?rest_route=%2Fwp%2Fv2%2Fmedia&parent=10070"}],"wp:term":[{"taxonomy":"category","embeddable":true,"href":"https:\/\/pasaenmendoza.com\/index.php?rest_route=%2Fwp%2Fv2%2Fcategories&post=10070"},{"taxonomy":"post_tag","embeddable":true,"href":"https:\/\/pasaenmendoza.com\/index.php?rest_route=%2Fwp%2Fv2%2Ftags&post=10070"}],"curies":[{"name":"wp","href":"https:\/\/api.w.org\/{rel}","templated":true}]}}