{"id":10073,"date":"2024-11-12T22:50:22","date_gmt":"2024-11-12T21:50:22","guid":{"rendered":"https:\/\/pasaenmendoza.com\/?p=10073"},"modified":"2024-11-12T22:50:24","modified_gmt":"2024-11-12T21:50:24","slug":"por-ley-34-proyectos-mineros-quedaron-habilitados-para-buscar-cobre-en-malargue","status":"publish","type":"post","link":"https:\/\/pasaenmendoza.com\/?p=10073","title":{"rendered":"Por ley, 34 proyectos mineros quedaron habilitados para buscar cobre en Malarg\u00fce"},"content":{"rendered":"\n<p>El\u00a0<strong>Senado\u00a0<\/strong>ratific\u00f3 por ley la declaraci\u00f3n de<strong>\u00a0impacto ambiental\u00a0<\/strong>de 34 proyectos de exploraci\u00f3n de\u00a0<strong>cobre<\/strong>\u00a0ubicados en el\u00a0<strong>Malarg\u00fce Distrito Minero Occidental<\/strong>.<\/p>\n\n\n\n<p>Por amplia mayor\u00eda, los senadores votaron a favor de la norma que permite a los propietarios de los&nbsp;<strong>derechos mineros&nbsp;<\/strong>comenzar los trabajos en sus pol\u00edgonos.<\/p>\n\n\n\n<p>De los presentes, solo\u00a0<strong>Gerardo Vaquer, Flavia Manoni y Dugar Chappel\u00a0<\/strong>no acompa\u00f1aron el proyecto que era impulsado no solo por el oficialismo provincial sino tambi\u00e9n por el intendente de Malarg\u00fce, el peronista\u00a0<strong>Celso Jaque<\/strong>.<\/p>\n\n\n\n<h2 class=\"wp-block-heading\">Hebe Casado celebr\u00f3 una sesi\u00f3n hist\u00f3rica<\/h2>\n\n\n\n<p>\u201c\u00a1Hoy la provincia est\u00e1 de fiesta!\u201d, dijo la vicegobernadora que presidi\u00f3 la sesi\u00f3n en el&nbsp;<strong>Senado<\/strong>.<\/p>\n\n\n\n<p>\u201cCon la aprobaci\u00f3n de&nbsp;<strong>34 Declaraciones de Impacto Ambiental&nbsp;<\/strong>para proyectos de exploraci\u00f3n en el&nbsp;<strong>Distrito Minero Occidental de Malarg\u00fce (MDMO)<\/strong>, Mendoza da un paso firme hacia un futuro de oportunidades que mejorar\u00e1 la vida de muchos mendocinos y dar\u00e1 un impulso econ\u00f3mico a una zona que ha reclamado esta actividad durante a\u00f1os\u201d, expres\u00f3 tras la sanci\u00f3n de la ley en sus redes sociales.<\/p>\n\n\n\n<p>\u201cEste logro es fruto del trabajo de la Direcci\u00f3n de&nbsp;<strong>Miner\u00eda<\/strong>, liderada por Jer\u00f3nimo Shantal, y de cada mendocino que particip\u00f3 en la audiencia p\u00fablica. Con el cobre como recurso estrat\u00e9gico en la transici\u00f3n energ\u00e9tica, Mendoza se prepara para una miner\u00eda sostenible que traer\u00e1 desarrollo, empleo genuino y atraer\u00e1 inversi\u00f3n internacional\u201d, agreg\u00f3.<\/p>\n\n\n\n<p>Casado repas\u00f3 que durante el proceso se actu\u00f3 con \u201cresponsabilidad, escuchando las voces de quienes buscan un futuro de oportunidades en nuestra tierra\u201d y asegur\u00f3 que se avanzar\u00e1 en la actividad \u201ccon el compromiso de cumplir los est\u00e1ndares m\u00e1s altos de seguridad y cuidado ambiental\u201d.<\/p>\n\n\n\n<p>En ese sentido, la vicegobernadora fue enf\u00e1tica al decir que este proyecto no es un \u201ccheque en blanco\u201d, y explic\u00f3: \u201cMendoza tiene certezas, equipos t\u00e9cnicos preparados, mano de obra calificada y una firme decisi\u00f3n de lo que hay que hacer, ampliando su matriz productiva para asegurar un futuro de oportunidades reales para todos los mendocinos\u201d.<\/p>\n\n\n\n<p><strong>Fuente: www.diariouno.com.ar<\/strong><\/p>\n","protected":false},"excerpt":{"rendered":"<p>El\u00a0Senado\u00a0ratific\u00f3 por ley la declaraci\u00f3n de\u00a0impacto ambiental\u00a0de 34 proyectos de exploraci\u00f3n de\u00a0cobre\u00a0ubicados en el\u00a0Malarg\u00fce Distrito Minero Occidental. Por amplia mayor\u00eda, los senadores votaron a favor de la norma que permite a los propietarios de los&nbsp;derechos mineros&nbsp;comenzar los trabajos en sus pol\u00edgonos. De los presentes, solo\u00a0Gerardo Vaquer, Flavia Manoni y Dugar Chappel\u00a0no acompa\u00f1aron el proyecto que [&hellip;]<\/p>\n","protected":false},"author":2,"featured_media":10074,"comment_status":"open","ping_status":"open","sticky":false,"template":"","format":"standard","meta":[],"categories":[47],"tags":[],"_links":{"self":[{"href":"https:\/\/pasaenmendoza.com\/index.php?rest_route=\/wp\/v2\/posts\/10073"}],"collection":[{"href":"https:\/\/pasaenmendoza.com\/index.php?rest_route=\/wp\/v2\/posts"}],"about":[{"href":"https:\/\/pasaenmendoza.com\/index.php?rest_route=\/wp\/v2\/types\/post"}],"author":[{"embeddable":true,"href":"https:\/\/pasaenmendoza.com\/index.php?rest_route=\/wp\/v2\/users\/2"}],"replies":[{"embeddable":true,"href":"https:\/\/pasaenmendoza.com\/index.php?rest_route=%2Fwp%2Fv2%2Fcomments&post=10073"}],"version-history":[{"count":1,"href":"https:\/\/pasaenmendoza.com\/index.php?rest_route=\/wp\/v2\/posts\/10073\/revisions"}],"predecessor-version":[{"id":10075,"href":"https:\/\/pasaenmendoza.com\/index.php?rest_route=\/wp\/v2\/posts\/10073\/revisions\/10075"}],"wp:featuredmedia":[{"embeddable":true,"href":"https:\/\/pasaenmendoza.com\/index.php?rest_route=\/wp\/v2\/media\/10074"}],"wp:attachment":[{"href":"https:\/\/pasaenmendoza.com\/index.php?rest_route=%2Fwp%2Fv2%2Fmedia&parent=10073"}],"wp:term":[{"taxonomy":"category","embeddable":true,"href":"https:\/\/pasaenmendoza.com\/index.php?rest_route=%2Fwp%2Fv2%2Fcategories&post=10073"},{"taxonomy":"post_tag","embeddable":true,"href":"https:\/\/pasaenmendoza.com\/index.php?rest_route=%2Fwp%2Fv2%2Ftags&post=10073"}],"curies":[{"name":"wp","href":"https:\/\/api.w.org\/{rel}","templated":true}]}}