{"id":10077,"date":"2024-11-12T22:58:40","date_gmt":"2024-11-12T21:58:40","guid":{"rendered":"https:\/\/pasaenmendoza.com\/?p=10077"},"modified":"2024-11-12T22:58:41","modified_gmt":"2024-11-12T21:58:41","slug":"alfredo-cornejo-confirmo-a-los-camioneros-que-revisaran-las-alicuotas-del-impuesto-automotor","status":"publish","type":"post","link":"https:\/\/pasaenmendoza.com\/?p=10077","title":{"rendered":"Alfredo Cornejo confirm\u00f3 a los camioneros que revisar\u00e1n las al\u00edcuotas del impuesto automotor"},"content":{"rendered":"\n<p>El gobernador\u00a0<strong>Alfredo Cornejo<\/strong>\u00a0reaccion\u00f3 r\u00e1pidamente a la protesta de propietarios de\u00a0<strong>camiones\u00a0<\/strong>y asegur\u00f3 que el Ejecutivo est\u00e1 \u201cdispuesto a revisar\u201d la propuesta de la modificaci\u00f3n de al\u00edcuotas del\u00a0<strong>impuesto automotor<\/strong>\u00a0que present\u00f3 en la Legislatura para el 2025.<\/p>\n\n\n\n<p>Mientras dirigentes de la\u00a0<strong>Asociaci\u00f3n Propietarios de Camiones de Mendoza (Aprocam)<\/strong>\u00a0eran recibidos por el ministro de Hacienda V\u00edctor Fayad en Casa de Gobierno, m\u00e1s de una decena de camioneros se apostaban en la banquina del Acceso Sur y Lamadrid para hacer visible su reclamo por el impacto que tendr\u00e1 en patentes el incremento de la al\u00edcuota del 0,3% al 0,8% que figura en el proyecto de leyes de aval\u00fao.<\/p>\n\n\n\n<p>Atento al conflicto,&nbsp;<strong>Cornejo<\/strong>&nbsp;baj\u00f3 la espuma r\u00e1pidamente: \u201cEstamos dispuestos a revisarlo y la semana q viene daremos una respuesta\u201d. Pero advirti\u00f3: \u201cOmiten cosas. Van a pagar un sellado muy bajo y eso lo est\u00e1n omitiendo. Hemos bajado ingresos brutos al transporte de carga y el aumento de la&nbsp;<strong>patente&nbsp;<\/strong>es porque estaba muy bajo en porcentaje\u201d.<\/p>\n\n\n\n<h2 class=\"wp-block-heading\">El reclamo de los camioneros<\/h2>\n\n\n\n<p>El empresario\u00a0<strong>Carlos Messina<\/strong>\u00a0cont\u00f3 que el foco del reclamo que propietarios de camiones le hacen al Gobierno provincial. \u201cEsperamos que entiendan que ya han gravado la actividad con un n\u00famero muy importante en los \u00faltimos dos ejercicios fiscales y que al menos dejen la al\u00edcuota que ten\u00edamos\u201d, expres\u00f3.<\/p>\n\n\n\n<p>Solo para ejemplificar, cont\u00f3 que este a\u00f1o un cami\u00f3n tipo pag\u00f3 $350.000 de<strong>&nbsp;impuesto al automotor<\/strong>&nbsp;y que, con las modificaciones de al\u00edcuotas propuestas por Hacienda, \u201cel a\u00f1o que viene ese mismo veh\u00edculo pagar\u00eda $1.100.000\u201d.<\/p>\n\n\n\n<p>Para los empresarios, este n\u00famero \u201ces importante en materia log\u00edstica; de ah\u00ed que estamos exteriorizando algo que nos afecta sobre el capital de trabajo\u201d.<\/p>\n\n\n\n<p>La de este martes fue la segunda reuni\u00f3n que mantienen con el&nbsp;<strong>ministro de Hacienda, V\u00edctor Fayad<\/strong>. En la primera, desde&nbsp;<strong>Aprocam<\/strong>&nbsp;indicaron la necesidad de tener en cuenta que la base imponible que se toma para patentes es la lista de la Direcci\u00f3n Nacional de Registro de la Propiedad Automotor (DNRP).<\/p>\n\n\n\n<p>Los directivos explicaron que esta base genera una distorsi\u00f3n ya que los&nbsp;<strong>camiones&nbsp;<\/strong>son gravados con alrededor de 40% de impuestos. \u201cSe est\u00e1 poniendo un aumento de patentes sobre un bien que ya est\u00e1 gravado con m\u00faltiples impuestos tales como IVA, grav\u00e1menes internos\u201d, dijeron.<\/p>\n\n\n\n<p>\u201cYa hab\u00edamos tenido un incremento entre el 2022 y el 2023 de m\u00e1s del 3.000% en la al\u00edcuota de patentes. Entendemos que si la Provincia mantiene el 0,3% que cobra actualmente no est\u00e1 perdiendo dinero, teniendo en cuenta que el nuestro es un sector con alto cumplimento fiscal\u201d, se\u00f1alaron.<\/p>\n\n\n\n<p>Al salir del encuentro en Casa de Gobierno, el ministro&nbsp;<strong>Fayad&nbsp;<\/strong>se pronunci\u00f3 en igual sentido que el gobernador y agreg\u00f3 que \u201cMendoza sigue siendo una de las provincias con al\u00edcuotas m\u00e1s bajas para el sector\u201d.<\/p>\n\n\n\n<p>Sobre la conclusi\u00f3n de la reuni\u00f3n con los propietarios de camiones, confirm\u00f3 la&nbsp;<strong>revisi\u00f3n del impuesto<\/strong>: \u201cNosotros queremos que sigan invirtiendo en la provincia y por eso estamos&nbsp;<strong>reconsiderando la al\u00edcuota&nbsp;<\/strong>para el a\u00f1o que viene, pero es algo que lo tenemos que chequear internamente y con los municipios que reciben la coparticipaci\u00f3n de este impuesto\u201d.<\/p>\n\n\n\n<p>Para que est\u00e9n alerta los bloques opositores, el ministro asegur\u00f3 adem\u00e1s que \u201cprevio al tratamiento en la&nbsp;<strong>Legislatura<\/strong>, mandaremos la modificaci\u00f3n\u201d.<\/p>\n\n\n\n<h2 class=\"wp-block-heading\">Tr\u00e1nsito complicado en el Acceso Sur<\/h2>\n\n\n\n<p>Si bien los camiones estaban estacionados al costado del Acceso Sur, mano al Norte, desde las 8; a media ma\u00f1ana, el tr\u00e1nsito se complic\u00f3 por un corte total que la Municipalidad de\u00a0<strong>Guaymall\u00e9n\u00a0<\/strong>decidi\u00f3 realizar en la zona desviando los veh\u00edculos por la subida a calle Lamadrid, para contener una posible caravana de camiones hacia la Casa de Gobierno.<\/p>\n\n\n\n<p>Una vez que finaliz\u00f3 la reuni\u00f3n que se llevaba a cabo entre directivos y Hacienda, y tras el enojo de los automovilistas, Tr\u00e1nsito liber\u00f3 el acceso y los camiones dejaron la protesta.<\/p>\n\n\n\n<p><strong>Fuente: www.diariouno.com.ar<\/strong><\/p>\n","protected":false},"excerpt":{"rendered":"<p>El gobernador\u00a0Alfredo Cornejo\u00a0reaccion\u00f3 r\u00e1pidamente a la protesta de propietarios de\u00a0camiones\u00a0y asegur\u00f3 que el Ejecutivo est\u00e1 \u201cdispuesto a revisar\u201d la propuesta de la modificaci\u00f3n de al\u00edcuotas del\u00a0impuesto automotor\u00a0que present\u00f3 en la Legislatura para el 2025. Mientras dirigentes de la\u00a0Asociaci\u00f3n Propietarios de Camiones de Mendoza (Aprocam)\u00a0eran recibidos por el ministro de Hacienda V\u00edctor Fayad en Casa de [&hellip;]<\/p>\n","protected":false},"author":2,"featured_media":10078,"comment_status":"open","ping_status":"open","sticky":false,"template":"","format":"standard","meta":[],"categories":[47],"tags":[],"_links":{"self":[{"href":"https:\/\/pasaenmendoza.com\/index.php?rest_route=\/wp\/v2\/posts\/10077"}],"collection":[{"href":"https:\/\/pasaenmendoza.com\/index.php?rest_route=\/wp\/v2\/posts"}],"about":[{"href":"https:\/\/pasaenmendoza.com\/index.php?rest_route=\/wp\/v2\/types\/post"}],"author":[{"embeddable":true,"href":"https:\/\/pasaenmendoza.com\/index.php?rest_route=\/wp\/v2\/users\/2"}],"replies":[{"embeddable":true,"href":"https:\/\/pasaenmendoza.com\/index.php?rest_route=%2Fwp%2Fv2%2Fcomments&post=10077"}],"version-history":[{"count":1,"href":"https:\/\/pasaenmendoza.com\/index.php?rest_route=\/wp\/v2\/posts\/10077\/revisions"}],"predecessor-version":[{"id":10079,"href":"https:\/\/pasaenmendoza.com\/index.php?rest_route=\/wp\/v2\/posts\/10077\/revisions\/10079"}],"wp:featuredmedia":[{"embeddable":true,"href":"https:\/\/pasaenmendoza.com\/index.php?rest_route=\/wp\/v2\/media\/10078"}],"wp:attachment":[{"href":"https:\/\/pasaenmendoza.com\/index.php?rest_route=%2Fwp%2Fv2%2Fmedia&parent=10077"}],"wp:term":[{"taxonomy":"category","embeddable":true,"href":"https:\/\/pasaenmendoza.com\/index.php?rest_route=%2Fwp%2Fv2%2Fcategories&post=10077"},{"taxonomy":"post_tag","embeddable":true,"href":"https:\/\/pasaenmendoza.com\/index.php?rest_route=%2Fwp%2Fv2%2Ftags&post=10077"}],"curies":[{"name":"wp","href":"https:\/\/api.w.org\/{rel}","templated":true}]}}