{"id":10084,"date":"2024-11-13T13:09:44","date_gmt":"2024-11-13T12:09:44","guid":{"rendered":"https:\/\/pasaenmendoza.com\/?p=10084"},"modified":"2024-11-13T13:09:45","modified_gmt":"2024-11-13T12:09:45","slug":"el-tiempo-en-mendoza-para-este-miercoles-sube-la-temperatura-y-se-instala-un-mini-verano","status":"publish","type":"post","link":"https:\/\/pasaenmendoza.com\/?p=10084","title":{"rendered":"El tiempo en Mendoza para este mi\u00e9rcoles: sube la temperatura y se instala un mini verano"},"content":{"rendered":"\n<p>La&nbsp;<strong>temperatura m\u00e1xima para este mi\u00e9rcoles en Mendoza llegar\u00e1 a los 34 grados&nbsp;<\/strong>cent\u00edgrados, mientras que&nbsp;<strong>la m\u00ednima descender\u00e1 a los 16 grados cent\u00edgrados.<\/strong><\/p>\n\n\n\n<p>Empiezan de esta manera<strong>&nbsp;d\u00edas de intenso calor<\/strong>, que anticipan en poco m\u00e1s de un mes al verano en la provincia,&nbsp;<strong>por lo menos hasta el viernes<\/strong>.<\/p>\n\n\n\n<p>Luego, la temperatura descender\u00e1 considerablemente entre el s\u00e1bado y domingo.<\/p>\n\n\n\n<p>El pron\u00f3stico de la\u00a0<strong>Direcci\u00f3n de Contingencias Clim\u00e1ticas<\/strong>\u00a0para este mi\u00e9rcoles adelanta que habr\u00e1 \u201c<em>tiempo bueno con ascenso de la temperatura, vientos moderados del noreste. Poco nuboso en cordillera<\/em>\u201c.<\/p>\n\n\n\n<p><strong>Fuente: www.elsol.com.ar<\/strong><\/p>\n","protected":false},"excerpt":{"rendered":"<p>La&nbsp;temperatura m\u00e1xima para este mi\u00e9rcoles en Mendoza llegar\u00e1 a los 34 grados&nbsp;cent\u00edgrados, mientras que&nbsp;la m\u00ednima descender\u00e1 a los 16 grados cent\u00edgrados. Empiezan de esta manera&nbsp;d\u00edas de intenso calor, que anticipan en poco m\u00e1s de un mes al verano en la provincia,&nbsp;por lo menos hasta el viernes. Luego, la temperatura descender\u00e1 considerablemente entre el s\u00e1bado y [&hellip;]<\/p>\n","protected":false},"author":2,"featured_media":10085,"comment_status":"open","ping_status":"open","sticky":false,"template":"","format":"standard","meta":[],"categories":[52],"tags":[],"_links":{"self":[{"href":"https:\/\/pasaenmendoza.com\/index.php?rest_route=\/wp\/v2\/posts\/10084"}],"collection":[{"href":"https:\/\/pasaenmendoza.com\/index.php?rest_route=\/wp\/v2\/posts"}],"about":[{"href":"https:\/\/pasaenmendoza.com\/index.php?rest_route=\/wp\/v2\/types\/post"}],"author":[{"embeddable":true,"href":"https:\/\/pasaenmendoza.com\/index.php?rest_route=\/wp\/v2\/users\/2"}],"replies":[{"embeddable":true,"href":"https:\/\/pasaenmendoza.com\/index.php?rest_route=%2Fwp%2Fv2%2Fcomments&post=10084"}],"version-history":[{"count":1,"href":"https:\/\/pasaenmendoza.com\/index.php?rest_route=\/wp\/v2\/posts\/10084\/revisions"}],"predecessor-version":[{"id":10086,"href":"https:\/\/pasaenmendoza.com\/index.php?rest_route=\/wp\/v2\/posts\/10084\/revisions\/10086"}],"wp:featuredmedia":[{"embeddable":true,"href":"https:\/\/pasaenmendoza.com\/index.php?rest_route=\/wp\/v2\/media\/10085"}],"wp:attachment":[{"href":"https:\/\/pasaenmendoza.com\/index.php?rest_route=%2Fwp%2Fv2%2Fmedia&parent=10084"}],"wp:term":[{"taxonomy":"category","embeddable":true,"href":"https:\/\/pasaenmendoza.com\/index.php?rest_route=%2Fwp%2Fv2%2Fcategories&post=10084"},{"taxonomy":"post_tag","embeddable":true,"href":"https:\/\/pasaenmendoza.com\/index.php?rest_route=%2Fwp%2Fv2%2Ftags&post=10084"}],"curies":[{"name":"wp","href":"https:\/\/api.w.org\/{rel}","templated":true}]}}