{"id":10087,"date":"2024-11-13T13:14:35","date_gmt":"2024-11-13T12:14:35","guid":{"rendered":"https:\/\/pasaenmendoza.com\/?p=10087"},"modified":"2024-11-13T13:14:36","modified_gmt":"2024-11-13T12:14:36","slug":"piden-justicia-y-testigos-por-debora-la-joven-madre-que-murio-al-caer-de-un-colectivo-en-guaymallen","status":"publish","type":"post","link":"https:\/\/pasaenmendoza.com\/?p=10087","title":{"rendered":"Piden justicia y testigos por D\u00e9bora, la joven madre que muri\u00f3 al caer de un colectivo en Guaymall\u00e9n"},"content":{"rendered":"\n<p>Una tragedia vial conmociona al departamento de Guaymall\u00e9n desde hace casi una semana:&nbsp;<strong>una joven madre de tres hijas perdi\u00f3 la vida en un confuso accidente mientras circulaba en un colectivo de la l\u00ednea 500<\/strong>. Ante la gravedad del caso, la familia de la v\u00edctima convoc\u00f3 a una marcha para este mi\u00e9rcoles por la ma\u00f1ana en reclamo de justicia y b\u00fasqueda de testigos.<\/p>\n\n\n\n<p><strong>D\u00e9bora Karen Reta<\/strong>, de 29 a\u00f1os, muri\u00f3 el mi\u00e9rcoles 6 de noviembre por la tarde tras<mark>\u00a0caer de un colectivo en movimiento en la intersecci\u00f3n de las calles Avellaneda y Pedro Molina<\/mark>, en el departamento de Guaymall\u00e9n. El tr\u00e1gico suceso, investigado inicuamente como homicidio culposo, ocurri\u00f3 a las 18.<\/p>\n\n\n\n<p>De acuerdo con los primeros testimonios recabados en el lugar, la v\u00edctima cay\u00f3 mientras descend\u00eda por la puerta trasera del veh\u00edculo, que se encontraba abierta. Los testigos indicaron que Reta hab\u00eda solicitado la parada mediante el timbre y, en circunstancias que a\u00fan son objeto de investigaci\u00f3n, cay\u00f3 a la calle mientras el colectivo realizaba un giro hacia el norte.\u00a0<strong>El impacto en su cabeza result\u00f3 fatal<\/strong>, y el deceso fue confirmado por el personal m\u00e9dico de emergencias en el lugar del hecho.<\/p>\n\n\n\n<p>El colectivo involucrado fue el interno 56 de la l\u00ednea 500,\u00a0<mark>que era conducido por Alberto Walter Ponce, de 55 a\u00f1os<\/mark>. Los informes preliminares realizados en la escena indicaron que el conductor no presentaba alcohol en sangre.<\/p>\n\n\n\n<p>La familia de D\u00e9bora, quien resid\u00eda en el barrio El Carmen, convoc\u00f3 a una marcha para este mi\u00e9rcoles a las 9.30 en la intersecci\u00f3n de&nbsp;<strong>Avellaneda y Pedro Molina,&nbsp;<\/strong>el mismo lugar donde ocurri\u00f3 el fatal accidente.<\/p>\n\n\n\n<p>El caso se encuentra bajo la investigaci\u00f3n del fiscal\u00a0<strong>Fernando Giunta<\/strong>. Fuentes judiciales detallaron que el representante del Ministerio P\u00fablico se encontraba trabajando en los peritajes y otros informes y tambi\u00e9n recibiendo algunas declaraciones. Hasta este martes,\u00a0<strong>la causa no presentaba imputados.<\/strong><\/p>\n\n\n\n<p><strong>Fuente: www.elsol.com.ar<\/strong><\/p>\n","protected":false},"excerpt":{"rendered":"<p>Una tragedia vial conmociona al departamento de Guaymall\u00e9n desde hace casi una semana:&nbsp;una joven madre de tres hijas perdi\u00f3 la vida en un confuso accidente mientras circulaba en un colectivo de la l\u00ednea 500. Ante la gravedad del caso, la familia de la v\u00edctima convoc\u00f3 a una marcha para este mi\u00e9rcoles por la ma\u00f1ana en [&hellip;]<\/p>\n","protected":false},"author":2,"featured_media":10088,"comment_status":"open","ping_status":"open","sticky":false,"template":"","format":"standard","meta":[],"categories":[48],"tags":[],"_links":{"self":[{"href":"https:\/\/pasaenmendoza.com\/index.php?rest_route=\/wp\/v2\/posts\/10087"}],"collection":[{"href":"https:\/\/pasaenmendoza.com\/index.php?rest_route=\/wp\/v2\/posts"}],"about":[{"href":"https:\/\/pasaenmendoza.com\/index.php?rest_route=\/wp\/v2\/types\/post"}],"author":[{"embeddable":true,"href":"https:\/\/pasaenmendoza.com\/index.php?rest_route=\/wp\/v2\/users\/2"}],"replies":[{"embeddable":true,"href":"https:\/\/pasaenmendoza.com\/index.php?rest_route=%2Fwp%2Fv2%2Fcomments&post=10087"}],"version-history":[{"count":1,"href":"https:\/\/pasaenmendoza.com\/index.php?rest_route=\/wp\/v2\/posts\/10087\/revisions"}],"predecessor-version":[{"id":10089,"href":"https:\/\/pasaenmendoza.com\/index.php?rest_route=\/wp\/v2\/posts\/10087\/revisions\/10089"}],"wp:featuredmedia":[{"embeddable":true,"href":"https:\/\/pasaenmendoza.com\/index.php?rest_route=\/wp\/v2\/media\/10088"}],"wp:attachment":[{"href":"https:\/\/pasaenmendoza.com\/index.php?rest_route=%2Fwp%2Fv2%2Fmedia&parent=10087"}],"wp:term":[{"taxonomy":"category","embeddable":true,"href":"https:\/\/pasaenmendoza.com\/index.php?rest_route=%2Fwp%2Fv2%2Fcategories&post=10087"},{"taxonomy":"post_tag","embeddable":true,"href":"https:\/\/pasaenmendoza.com\/index.php?rest_route=%2Fwp%2Fv2%2Ftags&post=10087"}],"curies":[{"name":"wp","href":"https:\/\/api.w.org\/{rel}","templated":true}]}}