{"id":1009,"date":"2023-08-29T13:58:59","date_gmt":"2023-08-29T11:58:59","guid":{"rendered":"https:\/\/pasaenmendoza.com\/?p=1009"},"modified":"2023-08-29T13:59:00","modified_gmt":"2023-08-29T11:59:00","slug":"temor-y-ansiedad-la-campana-entra-en-la-etapa-final-y-mas-peligrosa-en-un-clima-hostil-para-los-politicos","status":"publish","type":"post","link":"https:\/\/pasaenmendoza.com\/?p=1009","title":{"rendered":"Temor y ansiedad: la campa\u00f1a entra en la etapa final y m\u00e1s peligrosa en un clima hostil para los pol\u00edticos"},"content":{"rendered":"\n<p>Los candidatos a gobernador entraron en la etapa emocional de la campa\u00f1a. Tras las elecciones departamentales se espera que La Uni\u00f3n Mendocina sume m\u00e1s dirigentes &#8220;migrados&#8221; para buscar una elecci\u00f3n polarizada. Cambia Mendoza recalcula la estrategia para &#8220;ilusionar&#8221;. La autoestima ca\u00edda.<\/p>\n\n\n\n<p>Temor, ansiedad. Poco sue\u00f1o y, obviamente, estr\u00e9s; esa sensaci\u00f3n de sentirse angustiado ahora por lo que puede pasar en el futuro. Los candidatos a gobernador de Mendoza est\u00e1n por ingresar en la etapa m\u00e1s peligrosa y definitoria de la campa\u00f1a; la etapa emocional. Y combinan sus intenciones de influir en el votante con sus propias sensaciones. En ese recorrido de risas y l\u00e1grimas hay un escenario incierto que comenzar\u00e1 a despejarse desde el lunes que viene.<\/p>\n\n\n\n<p>Las\u00a0<strong>elecciones\u00a0<\/strong>generales en los departamentales de los municipios que desdoblaron ser\u00e1n importantes m\u00e1s all\u00e1 del resultado cuantitativo. El lunes, el d\u00eda despu\u00e9s, se terminar\u00e1 de definir la arquitectura electoral, el mecano con el que los dos principales frentes encarar\u00e1n la recta final para las\u00a0<strong>elecciones\u00a0<\/strong>provinciales. La pol\u00edtica mendocina es tan fr\u00e1gil y cambiante que, a menos de un mes de elegir al gobernador, a\u00fan no est\u00e1 claro qu\u00e9 representan, qui\u00e9nes la componen y qu\u00e9 quieren hacer algunos frentes. La principal duda es lo que ocurrir\u00e1 con La Uni\u00f3n Mendocina, la alianza construida en espejo con Cambia Mendoza y que est\u00e1 con el\u00a0 libro de pases abierto y sin requisitos rigurosos de adhesi\u00f3n. La idea de\u00a0<strong>Omar De Marchi<\/strong>\u00a0y sus operadores es sumar, a\u00fan sin evaluar condiciones.<\/p>\n\n\n\n<p>La pol\u00edtica no es matem\u00e1tica, por lo que tampoco hay garant\u00edas de \u00e9xito, pero s\u00ed tienen m\u00e1s volumen. De hecho entre los futuros adherentes hay muchos ligados al peronismo, el mismo peronismo que en Mendoza no gana una&nbsp;<strong>elecci\u00f3n&nbsp;<\/strong>provincial desde el a\u00f1o 2011. La adhesi\u00f3n a&nbsp;<strong>De Marchi<\/strong>&nbsp;ser\u00e1 testimonial en algunos casos, expl\u00edcita en otros y tambi\u00e9n silenciosa en los m\u00e1s temerosos. Con las listas cerradas, no le queda mucho por ofrecer a cambio al candidato fundador del PRO. El PJ lo sufre, en particular la f\u00f3rmula liderada por Omar Parisi, que ha tenido desplantes importantes dentro de la estructura peronista.&nbsp;<\/p>\n\n\n\n<p>Cambia Mendoza, con\u00a0<strong>Alfredo\u00a0Cornejo\u00a0<\/strong>a la cabeza, tuvo un golpe de realidad con las\u00a0<strong>elecciones\u00a0<\/strong>nacionales. No solo por el poco volumen de votos, sino por la se\u00f1al pol\u00edtica de cambio de \u00e9poca, de hartazgo y bronca que afecta a todos los oficialismos y, creen, aumenta el riesgo. A favor tienen que el principal rival no es un representante disruptivo, sino un d\u00edscolo dentro de la estructura tradicional de la pol\u00edtica mendocina. En contra,\u00a0<strong>Cornejo\u00a0<\/strong>tiene el arrastre de los yerros de gesti\u00f3n de los que debe hacerse cargo. Rodolfo Suarez va a dejar la gesti\u00f3n con buena imagen personal, pero con d\u00e9ficits en varias \u00e1reas. Como ha ocurrido en otros momentos (como durante la gesti\u00f3n de Julio Cobos) puede haber una escisi\u00f3n entre el capital de quien gobern\u00f3 y su gesti\u00f3n y que sean mejor evaluada la persona que sus hechos.<\/p>\n\n\n\n<p>El oficialismo tuvo un cambio de eje en la campa\u00f1a. En realidad, explican, \u201centr\u00f3 en otra etapa\u201d. Una marat\u00f3n de propuestas para armar, arengas y autocr\u00edtica. Muchos de los que podr\u00edan liderar el nuevo proceso, se conforman con recolectar ideas para el potencial nuevo gobierno de\u00a0<strong>Alfredo Cornejo<\/strong>. El nuevo desaf\u00edo es reenamorar a ciudadanos golpeados para que voten al mismo candidato que en 2015 y a quien le ha costado reencausar su discurso. En aquel momento, con la gesti\u00f3n del gobernador peronista Francisco P\u00e9rez como leitmotiv, la construcci\u00f3n discursiva estuvo basada en una descripci\u00f3n hiperrealista; contar lo que pasaba y exagerarlo en el mensaje. Para\u00a0 ganar y para tener la autoestima de otros actores de poder baja, tambi\u00e9n para recuperar la autoridad como \u201creconstructor\u201d. Ahora, 8 a\u00f1os despu\u00e9s, las cuentas p\u00fablicas mejoraron, pero no la calidad de vida de los mendocinos (en el marco de una Argentina abandonada a nivel nacional) y el contexto social no es mejor. La descripci\u00f3n hiperrealista no alcanza y tampoco es conveniente porque gobierna Cambia Mendoza. Pero adem\u00e1s porque, explican, existe una necesidad de generar alg\u00fan entusiasmo, aunque sin demagogia. Entre los sectores con los que buscan empatizar est\u00e1n los estatales, principalmente los docentes. Tambi\u00e9n la clase media mendocina que en las generales puede haber votado por Milei y que no tiene opci\u00f3n \u201cnueva\u201d.<\/p>\n\n\n\n<p>FUENTE: MdzOline.<\/p>\n","protected":false},"excerpt":{"rendered":"<p>Los candidatos a gobernador entraron en la etapa emocional de la campa\u00f1a. Tras las elecciones departamentales se espera que La Uni\u00f3n Mendocina sume m\u00e1s dirigentes &#8220;migrados&#8221; para buscar una elecci\u00f3n polarizada. Cambia Mendoza recalcula la estrategia para &#8220;ilusionar&#8221;. La autoestima ca\u00edda. Temor, ansiedad. Poco sue\u00f1o y, obviamente, estr\u00e9s; esa sensaci\u00f3n de sentirse angustiado ahora por [&hellip;]<\/p>\n","protected":false},"author":2,"featured_media":1010,"comment_status":"open","ping_status":"open","sticky":true,"template":"","format":"standard","meta":[],"categories":[47],"tags":[],"_links":{"self":[{"href":"https:\/\/pasaenmendoza.com\/index.php?rest_route=\/wp\/v2\/posts\/1009"}],"collection":[{"href":"https:\/\/pasaenmendoza.com\/index.php?rest_route=\/wp\/v2\/posts"}],"about":[{"href":"https:\/\/pasaenmendoza.com\/index.php?rest_route=\/wp\/v2\/types\/post"}],"author":[{"embeddable":true,"href":"https:\/\/pasaenmendoza.com\/index.php?rest_route=\/wp\/v2\/users\/2"}],"replies":[{"embeddable":true,"href":"https:\/\/pasaenmendoza.com\/index.php?rest_route=%2Fwp%2Fv2%2Fcomments&post=1009"}],"version-history":[{"count":1,"href":"https:\/\/pasaenmendoza.com\/index.php?rest_route=\/wp\/v2\/posts\/1009\/revisions"}],"predecessor-version":[{"id":1011,"href":"https:\/\/pasaenmendoza.com\/index.php?rest_route=\/wp\/v2\/posts\/1009\/revisions\/1011"}],"wp:featuredmedia":[{"embeddable":true,"href":"https:\/\/pasaenmendoza.com\/index.php?rest_route=\/wp\/v2\/media\/1010"}],"wp:attachment":[{"href":"https:\/\/pasaenmendoza.com\/index.php?rest_route=%2Fwp%2Fv2%2Fmedia&parent=1009"}],"wp:term":[{"taxonomy":"category","embeddable":true,"href":"https:\/\/pasaenmendoza.com\/index.php?rest_route=%2Fwp%2Fv2%2Fcategories&post=1009"},{"taxonomy":"post_tag","embeddable":true,"href":"https:\/\/pasaenmendoza.com\/index.php?rest_route=%2Fwp%2Fv2%2Ftags&post=1009"}],"curies":[{"name":"wp","href":"https:\/\/api.w.org\/{rel}","templated":true}]}}