{"id":10093,"date":"2024-11-13T22:15:33","date_gmt":"2024-11-13T21:15:33","guid":{"rendered":"https:\/\/pasaenmendoza.com\/?p=10093"},"modified":"2024-11-13T22:15:34","modified_gmt":"2024-11-13T21:15:34","slug":"la-dge-cierra-este-viernes-la-inscripcion-para-elegir-escuelas-secundarias-para-el-calendario-2025","status":"publish","type":"post","link":"https:\/\/pasaenmendoza.com\/?p=10093","title":{"rendered":"La DGE cierra este viernes la inscripci\u00f3n para elegir escuelas secundarias para el calendario 2025"},"content":{"rendered":"\n<p>La Direcci\u00f3n General de Escuelas (<strong>DGE<\/strong>) inform\u00f3 que este viernes cierra la segunda instancia de inscripci\u00f3n para el Ingreso a primer a\u00f1o del&nbsp;<strong>Nivel Secundario correspondiente al ciclo lectivo 2025<\/strong>&nbsp;en la que las familiar elegir\u00e1n entre tres y cinco escuelas. En la primera instancia ya quedaron 14.786 estudiantes inscriptos para comenzar este importante nivel educativo obligatorio.<\/p>\n\n\n\n<p>Las familias deber\u00e1n tener en cuenta el siguiente cronograma establecido por la DGE:<\/p>\n\n\n\n<ul>\n<li>&#8211;<strong>11 al 14 de noviembre:&nbsp;<\/strong>las familias junto a los estudiantes por Sistema GEM-PAD podr\u00e1n realizar la elecci\u00f3n entre tres y cinco opciones.<\/li>\n\n\n\n<li><strong>-26 de noviembre:<\/strong>&nbsp;se realizar\u00e1 el procedimiento de corrida de bancos.<\/li>\n\n\n\n<li><strong>-28 de noviembre:&nbsp;<\/strong>publicaci\u00f3n de los bancos asignados en la segunda instancia<\/li>\n\n\n\n<li><strong>-28 de noviembre al 06 de diciembre:<\/strong>&nbsp;confirmaci\u00f3n del banco a cargo de los adultos responsables y presentaci\u00f3n de documentaci\u00f3n en la escuela asignada.<\/li>\n<\/ul>\n\n\n\n<p>Para tomar las clases de deporte en las escuelas de Mendoza ya no har\u00e1 falta presentar certificado m\u00e9dico.<\/p>\n\n\n\n<p>El director de educaci\u00f3n de nivel secundario,&nbsp;<strong>Emilio Moreno<\/strong>, comunic\u00f3 que en la primera instancia, que ya finaliz\u00f3, quedaron inscriptos 14.786 estudiantes, que significa 54% de los j\u00f3venes que deben ingresar. \u201cLe recordamos a las familias cuyos hijos e hijas todav\u00eda no obtuvieron banco en la primera instancia, que entre el 11 y el 14 de noviembre deben ingresar al GEM- PAD donde pueden elegir entre tres y cinco escuelas en orden de prioridad. Si alguna familia no puede ingresar al GEM-PAD, deben acercarse a la escuela primaria y as\u00ed poder realizarla. Es importante que las familias realizan esta inscripci\u00f3n. El 26 de noviembre se realizar\u00e1 el procedimiento de corrida inform\u00e1tica, la primera es para abanderados que no han obtenido banco y luego otra corrida para los estudiantes restantes seg\u00fan las vacantes que queden\u201d, dijo Emilio Moreno.<\/p>\n\n\n\n<p>\u201cDel 28 de noviembre al 6 de diciembre tienen que ir los padres a la escuela donde tiene el banco asignado y llevar la documentaci\u00f3n requerida por la instituci\u00f3n y confirmar el banco asignado. Si no confirman se le asignar\u00e1 el lugar y deber\u00e1 pasar a la tercera instancia\u201d, aclar\u00f3 Moreno.<\/p>\n\n\n\n<h2 class=\"wp-block-heading\">Las pr\u00f3ximas instancias para la inscripci\u00f3n a las secundarias de la DGE<\/h2>\n\n\n\n<p>La tercera instancia:<\/p>\n\n\n\n<ul>\n<li><strong>-9 al 17 de diciembre:&nbsp;<\/strong>asignaci\u00f3n de bancos disponibles desde las supervisiones para estudiantes que no tienen banco asignados en las instancias anteriores.<\/li>\n<\/ul>\n\n\n\n<p>La cuarta instancia:<\/p>\n\n\n\n<ul>\n<li><strong>-18 al 20 de diciembre:\u00a0<\/strong>atenci\u00f3n para la asignaci\u00f3n de bancos desde la Direcci\u00f3n de Educaci\u00f3n Secundaria y Coordinaci\u00f3n de Educaci\u00f3n T\u00e9cnica y Trabajo, para estudiantes que no tienen banco asignados en las instancias anteriores. Es importante que las familias est\u00e9n atentas a este cronograma y que cuenten con la informaci\u00f3n que les brindaran las escuelas ante cualquier duda.<\/li>\n<\/ul>\n\n\n\n<p><strong>Fuente: www.diariouno.com.ar<\/strong><\/p>\n\n\n\n<p><a rel=\"noreferrer noopener\" href=\"https:\/\/www.facebook.com\/dialog\/feed?app_id=161316767303985&amp;link=https%3A%2F%2Fwww.diariouno.com.ar%2Fsociedad%2Fla-dge-cierra-este-viernes-la-inscripcion-elegir-escuelas-secundarias-el-calendario-2025-n1372998&amp;name=La+DGE+cierra+este+viernes+la+inscripci%C3%B3n+para+elegir+escuelas+secundarias+para+el+calendario+2025&amp;caption=DGE&amp;description=La+Direcci%C3%B3n+General+de+Escuelas+%28DGE%29+realiza+la+instancia+de+la+elecci%C3%B3n+de+opciones+de+escuelas%2C+el+segundo+paso+en+el+calendario+de+inspiraci%C3%B3n+para+el+2025&amp;redirect_uri=https%3A%2F%2Fwww.diariouno.com.ar%2Fsociedad%2Fla-dge-cierra-este-viernes-la-inscripcion-elegir-escuelas-secundarias-el-calendario-2025-n1372998\" target=\"_blank\"><\/a><\/p>\n\n\n\n<p><a rel=\"noreferrer noopener\" href=\"https:\/\/twitter.com\/intent\/tweet?url=https%3A%2F%2Fwww.diariouno.com.ar%2Fc1372998&amp;related=diariouno&amp;text=La+DGE+cierra+este+viernes+la+inscripci%C3%B3n+para+elegir+escuelas+secundarias+para+el+calendario+2025&amp;via=diariouno\" target=\"_blank\"><\/a><\/p>\n\n\n\n<p><a href=\"mailto:?body=https%3A%2F%2Fwww.diariouno.com.ar%2Fsociedad%2Fla-dge-cierra-este-viernes-la-inscripcion-elegir-escuelas-secundarias-el-calendario-2025-n1372998&amp;subject=%E2%80%9CLa%20DGE%20cierra%20este%20viernes%20la%20inscripci%C3%B3n%20para%20elegir%20escuelas%20secundarias%20para%20el%20calendario%202025%E2%80%9D\"><\/a><\/p>\n\n\n\n<p><a rel=\"noreferrer noopener\" href=\"https:\/\/api.whatsapp.com\/send?text=%E2%80%9CLa%20DGE%20cierra%20este%20viernes%20la%20inscripci%C3%B3n%20para%20elegir%20escuelas%20secundarias%20para%20el%20calendario%202025%E2%80%9D%20https%3A%2F%2Fwww.diariouno.com.ar%2Fsociedad%2Fla-dge-cierra-este-viernes-la-inscripcion-elegir-escuelas-secundarias-el-calendario-2025-n1372998\" target=\"_blank\"><\/a><\/p>\n\n\n\n<p><a rel=\"noreferrer noopener\" href=\"http:\/\/www.linkedin.com\/shareArticle?mini=true&amp;url=https%3A%2F%2Fwww.diariouno.com.ar%2Fsociedad%2Fla-dge-cierra-este-viernes-la-inscripcion-elegir-escuelas-secundarias-el-calendario-2025-n1372998\" target=\"_blank\"><\/a><\/p>\n","protected":false},"excerpt":{"rendered":"<p>La Direcci\u00f3n General de Escuelas (DGE) inform\u00f3 que este viernes cierra la segunda instancia de inscripci\u00f3n para el Ingreso a primer a\u00f1o del&nbsp;Nivel Secundario correspondiente al ciclo lectivo 2025&nbsp;en la que las familiar elegir\u00e1n entre tres y cinco escuelas. En la primera instancia ya quedaron 14.786 estudiantes inscriptos para comenzar este importante nivel educativo obligatorio. [&hellip;]<\/p>\n","protected":false},"author":2,"featured_media":10094,"comment_status":"open","ping_status":"open","sticky":false,"template":"","format":"standard","meta":[],"categories":[56],"tags":[],"_links":{"self":[{"href":"https:\/\/pasaenmendoza.com\/index.php?rest_route=\/wp\/v2\/posts\/10093"}],"collection":[{"href":"https:\/\/pasaenmendoza.com\/index.php?rest_route=\/wp\/v2\/posts"}],"about":[{"href":"https:\/\/pasaenmendoza.com\/index.php?rest_route=\/wp\/v2\/types\/post"}],"author":[{"embeddable":true,"href":"https:\/\/pasaenmendoza.com\/index.php?rest_route=\/wp\/v2\/users\/2"}],"replies":[{"embeddable":true,"href":"https:\/\/pasaenmendoza.com\/index.php?rest_route=%2Fwp%2Fv2%2Fcomments&post=10093"}],"version-history":[{"count":1,"href":"https:\/\/pasaenmendoza.com\/index.php?rest_route=\/wp\/v2\/posts\/10093\/revisions"}],"predecessor-version":[{"id":10095,"href":"https:\/\/pasaenmendoza.com\/index.php?rest_route=\/wp\/v2\/posts\/10093\/revisions\/10095"}],"wp:featuredmedia":[{"embeddable":true,"href":"https:\/\/pasaenmendoza.com\/index.php?rest_route=\/wp\/v2\/media\/10094"}],"wp:attachment":[{"href":"https:\/\/pasaenmendoza.com\/index.php?rest_route=%2Fwp%2Fv2%2Fmedia&parent=10093"}],"wp:term":[{"taxonomy":"category","embeddable":true,"href":"https:\/\/pasaenmendoza.com\/index.php?rest_route=%2Fwp%2Fv2%2Fcategories&post=10093"},{"taxonomy":"post_tag","embeddable":true,"href":"https:\/\/pasaenmendoza.com\/index.php?rest_route=%2Fwp%2Fv2%2Ftags&post=10093"}],"curies":[{"name":"wp","href":"https:\/\/api.w.org\/{rel}","templated":true}]}}