{"id":10096,"date":"2024-11-13T22:22:35","date_gmt":"2024-11-13T21:22:35","guid":{"rendered":"https:\/\/pasaenmendoza.com\/?p=10096"},"modified":"2024-11-13T22:22:36","modified_gmt":"2024-11-13T21:22:36","slug":"alfredo-cornejo-afirmo-que-antes-del-final-de-su-mandato-el-metrotranvia-llegara-al-aeropuerto","status":"publish","type":"post","link":"https:\/\/pasaenmendoza.com\/?p=10096","title":{"rendered":"Alfredo Cornejo afirm\u00f3 que antes del final de su mandato el Metrotranv\u00eda llegar\u00e1 al Aeropuerto"},"content":{"rendered":"\n<div class=\"wp-block-group is-vertical is-layout-flex wp-container-1\">\n<p class=\"has-text-align-left\">El gobernador<strong>\u00a0Alfredo Cornejo\u00a0<\/strong>dej\u00f3 numerosas definiciones en su discurso en la apertura del\u00a0<strong>Foro Valos.<\/strong>\u00a0Entre otros conceptos el mandatario destac\u00f3 su conviccci\u00f3n de que antes del fin de su mandato, en 2027, el Metrotranv\u00eda llegar\u00e1 al Aeropuerto.<\/p>\n\n\n\n<p class=\"has-text-align-left\">Destac\u00f3 tambi\u00e9n el impulso a la miner\u00eda sostenible como veh\u00edculo para generar trabajo, que las empresas tengan ganancias y que se cuide el ambiente.<\/p>\n\n\n\n<p class=\"has-text-align-left\">Sobre el encuentro empresario, Cornejo sintetiz\u00f3: \u201cLa caracter\u00edstica de Valos me anima a la Mendoza que sue\u00f1o y a la Argentina que anhelo\u201d.<\/p>\n\n\n\n<h2 class=\"wp-block-heading\">El 19\u00ba Foro Anual Valos<\/h2>\n<\/div>\n\n\n\n<p>El gobernador se expres\u00f3 durante la apertura del&nbsp;<strong>XIX Foro Anual Valos,&nbsp;<\/strong>que re\u00fane a las principales empresas de Mendoza, organizaciones de la sociedad civil, Gobierno y actores del sector p\u00fablico.<\/p>\n\n\n\n<p>Este a\u00f1o la consigna del encuentro es: \u201cInnovando la sostenibilidad: desaf\u00edos de la revoluci\u00f3n 4.0\u201d y se desarrolla en la Nave Cultural. En la inauguraci\u00f3n estuvieron titular de la organizaci\u00f3n, Farid Nallim, la vicegobernadora, Hebe Casado, y los intendentes de Ciudad, Ulpiano Suarez, y de Luj\u00e1n de Cuyo, Esteban Allasino.<\/p>\n\n\n\n<p>Adem\u00e1s, estuvieron el ministro de Gobierno, Infraestructura y Desarrollo Territorial, Natalio Mema y la ministra de Energ\u00eda y Ambiente, Jimena Latorre, entre otras autoridades.<\/p>\n\n\n\n<p>Cornejo destac\u00f3 la contribuci\u00f3n de Valos a Mendoza y la importancia del bien com\u00fan, resaltando la necesidad de que los gobernantes tomen decisiones en funci\u00f3n del inter\u00e9s general, en un contexto pol\u00edtico deteriorado y complejo.<\/p>\n\n\n\n<p>Tomando su experiencia, record\u00f3 su paso por la intendencia de Godoy Cruz para se\u00f1alar que durante sus primeros a\u00f1os como jefe comunal particip\u00f3 en los foros de la organizaci\u00f3n y puso el acento en la importancia que tuvo la interacci\u00f3n que se comenz\u00f3 a dar entre los sectores p\u00fablicos y privado:<strong>&nbsp;\u201cLa caracter\u00edstica de Valos me anima a la Mendoza que sue\u00f1o y a la Argentina que anhelo.&nbsp;<\/strong>Es dificultoso ser emprendedor y empresario en un desorden macroecon\u00f3mico como ha tenido la Argentina\u201d.<\/p>\n\n\n\n<p>Cornejo trajo a colaci\u00f3n que los servicios de energ\u00eda que se brindan en la provincia -log\u00edstica, energ\u00eda y transporte p\u00fablico, entre otros- han estado m\u00e1s enfocados en representar el inter\u00e9s particular y no el inter\u00e9s general del usuario. Y remarc\u00f3 que desde que comenz\u00f3 su primer mandato como gobernador (2015-2019) \u201chemos intentado cambiar esta l\u00f3gica de anta\u00f1o\u201d.<\/p>\n\n\n\n<p>Puso como ejemplo el transporte p\u00fablico de pasajeros para comentar que hace siete a\u00f1os viajaban 200.000 personas por d\u00eda en el Gran Mendoza y, en la actualidad, ese n\u00famero alcanza a 850.000 personas diarias.\u00a0<strong>\u201cHoy llega a lugares del Gran Mendoza que no estaban cubiertos y cada dos cuadras hay una parada de colectivo\u201d.<\/strong><\/p>\n\n\n\n<p><strong>Hoy hay trazabilidad en el colectivo, en el tel\u00e9fono sobre los horarios que va a pasar y por d\u00f3nde va a pasar. Y es probable que, antes de que termine mi mandato, el tren (Metrotranv\u00eda) que es un servicio troncal del transporte p\u00fablico y enlaza con el resto, llegue al Aeropuerto El Plumerillo, siendo la \u00fanica ciudad de Latinoam\u00e9rica que va a tener este servicio<\/strong><\/p>\n\n\n\n<p>Trajo tambi\u00e9n a modo de ejemplo que en Mendoza funcionan legalmente las empresas Uber y Cabify, siendo que en casi todas las ciudades argentinas es clandestino: \u201cTodas esas cosas se hicieron pensando en el inter\u00e9s general del servicio p\u00fablico y no en el inter\u00e9s particular\u201d.<\/p>\n\n\n\n<p>Para cerrar este concepto, Cornejo asegur\u00f3 que la representaci\u00f3n del inter\u00e9s general requiere buena comunicaci\u00f3n y liderazgo, y se\u00f1al\u00f3: \u201cValos contribuye a ello al integrar perspectivas privadas y sociales, como tambi\u00e9n representar el inter\u00e9s general desde una mirada privada\u201d.<\/p>\n\n\n\n<p>Adem\u00e1s hizo un an\u00e1lisis de la situaci\u00f3n que atraviesa el pa\u00eds y remarc\u00f3 que<strong>&nbsp;\u201cla ira de los ciudadanos por sus dificultades est\u00e1 a flor de piel y por eso necesitamos hoy m\u00e1s que nunca ese entramado de ONG y de emprendedores unidos por el inter\u00e9s general, sin descuidar los intereses particulares de cada cual\u201d.<\/strong><\/p>\n\n\n\n<p>A ra\u00edz de estos conceptos, el gobernador celebr\u00f3 los 19 a\u00f1os de estos espacios de debate y se\u00f1al\u00f3: \u201cAspiramos a que sean muchos m\u00e1s, y que el sector p\u00fablico est\u00e9 a la altura de la representaci\u00f3n del inter\u00e9s general en todos sus \u00e1mbitos, en la \u00f3rbita nacional, en la \u00f3rbita provincial y, por supuesto, en la \u00f3rbita municipal\u201d.<\/p>\n\n\n\n<p>Ante este panorama, el mandatario provincial afirm\u00f3 que en nuestra provincia se busca impulsar la miner\u00eda sostenible para mejorar salarios, armonizando intereses econ\u00f3micos y sociales y cuidando el ambiente. \u201cEstamos pensando en hacer miner\u00eda sostenible, pero el concepto sostenible es muy superior al concepto sustentable.<strong>&nbsp;Sostenible es que las empresas tengan rentabilidad, pero que tengan un compromiso social que genere oportunidades a otras personas para trabajar e invertir\u201d,&nbsp;<\/strong>reflexion\u00f3, y habl\u00f3 de la ventana de oportunidades que se abre para Mendoza ante el cambio clim\u00e1tico.<\/p>\n\n\n\n<p><strong>El sector privado necesita de deliberaciones como esta, ya que requiere sacar los miedos que alientan los cambios de matriz productiva, utilizando inteligencia artificial, la rob\u00f3tica y la incorporaci\u00f3n de la tecnolog\u00eda, que es un cambio que ya se dio muchas veces en la historia de la humanidad en los \u00faltimos 200 a\u00f1os<\/strong><\/p>\n\n\n\n<p>Finalmente, puso en valor la situaci\u00f3n de nuestra provincia y afirm\u00f3: \u201cMendoza tiene un clima de innovaci\u00f3n y de trabajo digno de estos tiempos que corren\u201d y se\u00f1al\u00f3 que \u201csi nos ha faltado algo, es una macroeconom\u00eda ordenada que nos permita el crecimiento\u201d.<\/p>\n\n\n\n<h2 class=\"wp-block-heading\">Lo que dijo Ulpiano Suarez<\/h2>\n\n\n\n<p>El intendente Ulpiano Suarez destac\u00f3 la importancia de Mendoza en el contexto nacional, promoviendo el di\u00e1logo y la innovaci\u00f3n para enfrentar la crisis en Argentina, con esperanza de un cambio profundo hacia un crecimiento sostenible e inclusivo.<\/p>\n\n\n\n<p>\u201cSe habla de Mendoza afuera, no s\u00f3lo de nuestros recursos, de la gente, sino de las instituciones como Valos, la cual lleva adelante una agenda importante y que, por sobre todo, ha sostenido el di\u00e1logo que permite pensar que es posible una construcci\u00f3n y una visi\u00f3n colectiva\u201d, dijo el jefe comunal de Ciudad.<\/p>\n\n\n\n<p>Adem\u00e1s, hizo hincapi\u00e9 en el debate que se est\u00e1 dando sobre la revoluci\u00f3n 4.0, en medio de \u201cun pa\u00eds en crisis econ\u00f3mica, social, pol\u00edtica, en donde los argentinos tienen esperanza en un cambio profundo que est\u00e1 impulsando el gobierno nacional y que desde Mendoza tambi\u00e9n estamos acompa\u00f1ando\u201d.<\/p>\n\n\n\n<p>\u201cLogramos que ese crecimiento y desarrollo que necesita Argentina sea sostenible y con bienestar general. Estoy esperanzado de que Argentina va a tener una econom\u00eda sana, que va a encontrar su rumbo\u201d, finaliz\u00f3<\/p>\n\n\n\n<h2 class=\"wp-block-heading\"><strong>Sostenibilidad y tecnolog\u00eda<\/strong><\/h2>\n\n\n\n<p>El Foro Valos 2024 se presenta como un espacio din\u00e1mico para la reflexi\u00f3n y la acci\u00f3n, centrado en la integraci\u00f3n de la sostenibilidad y la tecnolog\u00eda en el \u00e1mbito empresarial y emprendedor de Mendoza. En un mundo en constante transformaci\u00f3n, donde la sostenibilidad se ha convertido en una necesidad imperante, este foro re\u00fane a l\u00edderes de diversos sectores para explorar c\u00f3mo las empresas de la regi\u00f3n pueden adaptarse y prosperar.<\/p>\n\n\n\n<p>\u201cPara nosotros cada a\u00f1o es un desaf\u00edo muy grande poder organizar este foro con todas las tem\u00e1ticas que vamos a tratar y, sobre todo, con lo que va a pasar posterior al foro. Lo que genera Valos es una agenda de trabajo de muchas de las instituciones que son miembros de la asociaci\u00f3n civil, como tambi\u00e9n de much\u00edsimas empresas por la repercusi\u00f3n que tien<strong>e. Ese desaf\u00edo nos genera much\u00edsima responsabilidad\u201d,&nbsp;<\/strong>sostuvo el presidente de Valos, Farid Nallim.<\/p>\n\n\n\n<p>El titular de la organizaci\u00f3n finaliz\u00f3: \u201cCreemos y estamos convencidos de que es la \u00fanica forma de generar progreso y que tiene que estar en la agenda de todos los empresarios la sostenibilidad por sobre todas las cosas. Es una gran obligaci\u00f3n de nuestra parte promover y generar soluciones innovadoras para el desarrollo y el bien com\u00fan del pa\u00eds\u201d.<\/p>\n\n\n\n<p><strong>Fuente: www.diariouno.com.ar<\/strong><\/p>\n","protected":false},"excerpt":{"rendered":"<p>El gobernador\u00a0Alfredo Cornejo\u00a0dej\u00f3 numerosas definiciones en su discurso en la apertura del\u00a0Foro Valos.\u00a0Entre otros conceptos el mandatario destac\u00f3 su conviccci\u00f3n de que antes del fin de su mandato, en 2027, el Metrotranv\u00eda llegar\u00e1 al Aeropuerto. Destac\u00f3 tambi\u00e9n el impulso a la miner\u00eda sostenible como veh\u00edculo para generar trabajo, que las empresas tengan ganancias y que [&hellip;]<\/p>\n","protected":false},"author":2,"featured_media":10097,"comment_status":"open","ping_status":"open","sticky":false,"template":"","format":"standard","meta":[],"categories":[47],"tags":[],"_links":{"self":[{"href":"https:\/\/pasaenmendoza.com\/index.php?rest_route=\/wp\/v2\/posts\/10096"}],"collection":[{"href":"https:\/\/pasaenmendoza.com\/index.php?rest_route=\/wp\/v2\/posts"}],"about":[{"href":"https:\/\/pasaenmendoza.com\/index.php?rest_route=\/wp\/v2\/types\/post"}],"author":[{"embeddable":true,"href":"https:\/\/pasaenmendoza.com\/index.php?rest_route=\/wp\/v2\/users\/2"}],"replies":[{"embeddable":true,"href":"https:\/\/pasaenmendoza.com\/index.php?rest_route=%2Fwp%2Fv2%2Fcomments&post=10096"}],"version-history":[{"count":1,"href":"https:\/\/pasaenmendoza.com\/index.php?rest_route=\/wp\/v2\/posts\/10096\/revisions"}],"predecessor-version":[{"id":10098,"href":"https:\/\/pasaenmendoza.com\/index.php?rest_route=\/wp\/v2\/posts\/10096\/revisions\/10098"}],"wp:featuredmedia":[{"embeddable":true,"href":"https:\/\/pasaenmendoza.com\/index.php?rest_route=\/wp\/v2\/media\/10097"}],"wp:attachment":[{"href":"https:\/\/pasaenmendoza.com\/index.php?rest_route=%2Fwp%2Fv2%2Fmedia&parent=10096"}],"wp:term":[{"taxonomy":"category","embeddable":true,"href":"https:\/\/pasaenmendoza.com\/index.php?rest_route=%2Fwp%2Fv2%2Fcategories&post=10096"},{"taxonomy":"post_tag","embeddable":true,"href":"https:\/\/pasaenmendoza.com\/index.php?rest_route=%2Fwp%2Fv2%2Ftags&post=10096"}],"curies":[{"name":"wp","href":"https:\/\/api.w.org\/{rel}","templated":true}]}}