{"id":10099,"date":"2024-11-13T22:29:22","date_gmt":"2024-11-13T21:29:22","guid":{"rendered":"https:\/\/pasaenmendoza.com\/?p=10099"},"modified":"2024-11-13T22:29:22","modified_gmt":"2024-11-13T21:29:22","slug":"monsenor-colombo-anticipo-que-trabajara-por-el-federalismo-en-la-iglesia-catolica-argentina","status":"publish","type":"post","link":"https:\/\/pasaenmendoza.com\/?p=10099","title":{"rendered":"Monse\u00f1or Colombo anticip\u00f3 que trabajar\u00e1 por el federalismo en la Iglesia Cat\u00f3lica argentina"},"content":{"rendered":"\n<p>El arzobispo de Mendoza,\u00a0<strong>monse\u00f1or Marcelo Colombo<\/strong>, acaba de ser elegido presidente de la Conferencia Episcopal Argentina (CEA), y en su nuevo rol anticip\u00f3 que trabajar\u00e1 por el\u00a0<strong>federalismo en la Iglesia Cat\u00f3lica<\/strong>. Adem\u00e1s se esperanz\u00f3 con la postergada visita del papa Francisco al pa\u00eds.<\/p>\n\n\n\n<p>Unos&nbsp;<strong>100 obispos argentinos<\/strong>&nbsp;se reunieron el martes en la 125\u00b0 Asamblea Plenaria para elegir nuevo presidente de la Conferencia Episcopal Argentina, m\u00e1ximo \u00f3rgano de la Iglesia argentina. Y result\u00f3 electo el mendocino, monse\u00f1or Colombo.<\/p>\n\n\n\n<p>Ante este importante rol que le toca asumir, secundado por el cardenal \u00c1ngel Rossi de C\u00f3rdoba y monse\u00f1or Daniel Fern\u00e1ndez de Jujuy, manifest\u00f3 que le imprimir\u00e1 &#8220;una mirada de conjunto para\u00a0<strong>atender a todas las regiones que integran la Iglesia en la Argentina<\/strong>\u00a0y servirla en esta nueva misi\u00f3n, precisamente como un servidor de esa comuni\u00f3n de la Iglesia en la misi\u00f3n de estar presente en tantas realidades dif\u00edciles&#8221;.<\/p>\n\n\n\n<p><strong>C\u00f3mo se prepara para una posible visita del papa Francisco<\/strong><\/p>\n\n\n\n<p>&#8220;Hay algunas perspectivas que se van trabajando de atenci\u00f3n de algunos sectores que tradicionalmente parec\u00edan quedar afuera del cuidado pastoral de la Iglesia&#8221;, asumi\u00f3 monse\u00f1or Marcelo Colombo, y recalc\u00f3 que &#8220;por el contrario,<strong>&nbsp;la Iglesia quiere abrazar a todos<\/strong>&nbsp;en sus realidades de diversidades, de exclusiones, de pobreza&#8221;.<\/p>\n\n\n\n<p>Colombo aclar\u00f3 que en este sentido &#8220;no hay un mensaje ni econ\u00f3mico ni de ning\u00fan otro tipo del Papa, sino de amor pastoral, en eso estamos unidos&#8221;.<\/p>\n\n\n\n<p>Y confes\u00f3 su esperanza por una posible visita del jefe m\u00e1ximo de la Iglesia, el argentino Jorge Bergoglio, as\u00ed como la labor de organizar su arribo al pa\u00eds, quiz\u00e1s para el a\u00f1o que viene.<\/p>\n\n\n\n<p><strong>La visita del Papa Francisco ser\u00eda una experiencia muy fuerte, muy intensa de organizaci\u00f3n, sobre todo porque hay que pensar en lo breve del tiempo, en lo intenso de los encuentros, y que puedan todos estar de alg\u00fan modo presentes, aunque sea tan fugaz su visita.<\/strong><\/p>\n\n\n\n<p>Monse\u00f1or Marcelo Colombo no descart\u00f3 una visita del Papa Francisco para el a\u00f1o que viene.<\/p>\n\n\n\n<p>Revel\u00f3 que &#8220;se trabaj\u00f3 mucho cuando el a\u00f1o pasado parec\u00eda tan inminente su arribo,&nbsp;<strong>\u00e9l estaba con mucho deseo de venir<\/strong>&#8220;. Es por ello que ya &#8220;hay un equipo que el a\u00f1o pasado se imagin\u00f3 pensando en esta posible visita, hay gente muy experimentada dentro de la conferencia para recibirlo&#8221;.<\/p>\n\n\n\n<p>Al frente de la Iglesia Cat\u00f3lica argentina, monse\u00f1or Marcelo Colombo afirm\u00f3 que si llegara a venir el papa Francisco al pa\u00eds &#8220;tenemos que garantizar que pueda llegar su mensaje y hacerse visible en esos espacios que \u00e9l elige como lugares para hacerse presentes con su palabra&#8221;.<\/p>\n\n\n\n<h2 class=\"wp-block-heading\">Monse\u00f1or Colombo quiere &#8220;prevenir&#8221; los abusos en la Iglesia<\/h2>\n\n\n\n<p>Respecto a los&nbsp;<strong>casos de abusos de menores en el seno eclesi\u00e1stico<\/strong>, monse\u00f1or Marcelo Colombo puso el foco en la &#8220;prevenci\u00f3n&#8221; para que no se repitan, as\u00ed como en el fortalecimiento de la institucionalidad de la Iglesia para detectarlos.<\/p>\n\n\n\n<p>&#8220;Es un tema afrontado que tambi\u00e9n pasa a todo el ordenamiento can\u00f3nico, a todas las normas de la Iglesia. En esto cada vez m\u00e1s se va creciendo, sobre todo en\u00a0<strong>la dimensi\u00f3n preventiva<\/strong>\u00a0que es la clave, pero despu\u00e9s tambi\u00e9n asegurando que sean eficaces las herramientas institucionales&#8221;, manifest\u00f3.<\/p>\n\n\n\n<p>Y reflexion\u00f3: &#8220;Siempre es un desaf\u00edo,&nbsp;<strong>siempre es poco lo que se puede hacer<\/strong>, en el sentido de que hay mucho por cuidar y mucho por velar para que no vuelvan a suceder estas cosas&#8221;.<\/p>\n\n\n\n<h2 class=\"wp-block-heading\">El arzobispo Colombo ve una juventud fragmentada<\/h2>\n\n\n\n<p>En su nueva funci\u00f3n eclesi\u00e1stica como presidente de la Iglesia Cat\u00f3lica argentina, el arzobispo mendocino no dud\u00f3 en convocar al &#8220;di\u00e1logo que se nos pide a las generaciones precedentes con&nbsp;<strong>este mundo juvenil tan fragmentado<\/strong>&nbsp;de tantos rostros y tantas exigencias&#8221;.<\/p>\n\n\n\n<p>Es as\u00ed que seguir\u00e1 trabajando por acercar la palabra de Dios a las nuevas generaciones.<\/p>\n\n\n\n<p><strong>Yo creo que siempre el testimonio es lo m\u00e1s fuerte, no es tanto lo que se dice, sino lo que se puede ofrecer como rostro concreto de actuaci\u00f3n y de presencia.<\/strong><\/p>\n\n\n\n<p>Y concluy\u00f3: &#8220;<strong>Los j\u00f3venes hoy nos piden estar presentes<\/strong>. M\u00e1s all\u00e1 de las virtualidades, m\u00e1s all\u00e1 de los instrumentos tecnol\u00f3gicos, la presencia es valorada y es reconocida como un alimento para la amistad, para el cari\u00f1o. Y eso hace posible que Dios no sea una cosa lejana, sino un ser que nos ama y que est\u00e1 cerca nuestro&#8221;.<\/p>\n\n\n\n<p><strong>Fuente: www.diariouno.com.ar<\/strong><\/p>\n\n\n\n<p><a rel=\"noreferrer noopener\" href=\"http:\/\/www.linkedin.com\/shareArticle?mini=true&amp;url=https%3A%2F%2Fwww.diariouno.com.ar%2Fsociedad%2Fmonsenor-colombo-anticipo-que-trabajara-el-federalismo-la-iglesia-catolica-argentina-n1372849\" target=\"_blank\"><\/a><\/p>\n","protected":false},"excerpt":{"rendered":"<p>El arzobispo de Mendoza,\u00a0monse\u00f1or Marcelo Colombo, acaba de ser elegido presidente de la Conferencia Episcopal Argentina (CEA), y en su nuevo rol anticip\u00f3 que trabajar\u00e1 por el\u00a0federalismo en la Iglesia Cat\u00f3lica. Adem\u00e1s se esperanz\u00f3 con la postergada visita del papa Francisco al pa\u00eds. Unos&nbsp;100 obispos argentinos&nbsp;se reunieron el martes en la 125\u00b0 Asamblea Plenaria para [&hellip;]<\/p>\n","protected":false},"author":2,"featured_media":10100,"comment_status":"open","ping_status":"open","sticky":false,"template":"","format":"standard","meta":[],"categories":[50],"tags":[],"_links":{"self":[{"href":"https:\/\/pasaenmendoza.com\/index.php?rest_route=\/wp\/v2\/posts\/10099"}],"collection":[{"href":"https:\/\/pasaenmendoza.com\/index.php?rest_route=\/wp\/v2\/posts"}],"about":[{"href":"https:\/\/pasaenmendoza.com\/index.php?rest_route=\/wp\/v2\/types\/post"}],"author":[{"embeddable":true,"href":"https:\/\/pasaenmendoza.com\/index.php?rest_route=\/wp\/v2\/users\/2"}],"replies":[{"embeddable":true,"href":"https:\/\/pasaenmendoza.com\/index.php?rest_route=%2Fwp%2Fv2%2Fcomments&post=10099"}],"version-history":[{"count":1,"href":"https:\/\/pasaenmendoza.com\/index.php?rest_route=\/wp\/v2\/posts\/10099\/revisions"}],"predecessor-version":[{"id":10101,"href":"https:\/\/pasaenmendoza.com\/index.php?rest_route=\/wp\/v2\/posts\/10099\/revisions\/10101"}],"wp:featuredmedia":[{"embeddable":true,"href":"https:\/\/pasaenmendoza.com\/index.php?rest_route=\/wp\/v2\/media\/10100"}],"wp:attachment":[{"href":"https:\/\/pasaenmendoza.com\/index.php?rest_route=%2Fwp%2Fv2%2Fmedia&parent=10099"}],"wp:term":[{"taxonomy":"category","embeddable":true,"href":"https:\/\/pasaenmendoza.com\/index.php?rest_route=%2Fwp%2Fv2%2Fcategories&post=10099"},{"taxonomy":"post_tag","embeddable":true,"href":"https:\/\/pasaenmendoza.com\/index.php?rest_route=%2Fwp%2Fv2%2Ftags&post=10099"}],"curies":[{"name":"wp","href":"https:\/\/api.w.org\/{rel}","templated":true}]}}