{"id":10102,"date":"2024-11-13T23:21:45","date_gmt":"2024-11-13T22:21:45","guid":{"rendered":"https:\/\/pasaenmendoza.com\/?p=10102"},"modified":"2024-11-13T23:21:46","modified_gmt":"2024-11-13T22:21:46","slug":"tragedia-en-ciudad-murio-una-mujer-con-discapacidad-por-el-incendio-en-un-edificio","status":"publish","type":"post","link":"https:\/\/pasaenmendoza.com\/?p=10102","title":{"rendered":"Tragedia en Ciudad: muri\u00f3 una mujer con discapacidad por el incendio en un edificio"},"content":{"rendered":"\n<p>Un&nbsp;<strong>incendio en un edificio&nbsp;<\/strong>provoc\u00f3 la&nbsp;<strong>muerte de una mujer<\/strong>&nbsp;la tarde de este mi\u00e9rcoles en&nbsp;<strong>Ciudad<\/strong>. El siniestro se produjo en el segundo piso de una torre ubicada en el cruce de&nbsp;<strong>calles Pellegrini y Espa\u00f1a<\/strong>, en las cercan\u00edas del<strong>&nbsp;Parque Central<\/strong>.<\/p>\n\n\n\n<p>En la escena trabajaron personal de\u00a0<strong>bomberos del Cuartel Central y Defensa Civil<\/strong>, que logr\u00f3 controlar las llamas con apoyo h\u00eddrico de la<strong>\u00a0Municipalidad de Ciudad de Mendoza<\/strong>.<\/p>\n\n\n\n<p>En el interior de un departamento, los funcionarios dieron con el cuerpo sin vida de una<strong>\u00a0mujer con discapacidad<\/strong>, identificada como<strong>\u00a0Norma Cristina Arroyo<\/strong>\u00a0(74), quien resid\u00eda all\u00ed, de acuerdo con la informaci\u00f3n policial.<\/p>\n\n\n\n<p>Luego de sofocar las llamas, los&nbsp;<strong>peritos de Bomberos<\/strong>&nbsp;iniciaron los trabajos pertinentes en el teatro del hecho para avanzar sobre las causas que provocaron el incendio fatal.<\/p>\n\n\n\n<p>En la causa tom\u00f3 intervenci\u00f3n la\u00a0<strong>fiscal de Homicidios Andrea Lazo<\/strong>.<\/p>\n\n\n\n<p><strong>Fuente: www.elsol.com.ar<\/strong><\/p>\n","protected":false},"excerpt":{"rendered":"<p>Un&nbsp;incendio en un edificio&nbsp;provoc\u00f3 la&nbsp;muerte de una mujer&nbsp;la tarde de este mi\u00e9rcoles en&nbsp;Ciudad. El siniestro se produjo en el segundo piso de una torre ubicada en el cruce de&nbsp;calles Pellegrini y Espa\u00f1a, en las cercan\u00edas del&nbsp;Parque Central. En la escena trabajaron personal de\u00a0bomberos del Cuartel Central y Defensa Civil, que logr\u00f3 controlar las llamas con [&hellip;]<\/p>\n","protected":false},"author":2,"featured_media":10103,"comment_status":"open","ping_status":"open","sticky":false,"template":"","format":"standard","meta":[],"categories":[48],"tags":[],"_links":{"self":[{"href":"https:\/\/pasaenmendoza.com\/index.php?rest_route=\/wp\/v2\/posts\/10102"}],"collection":[{"href":"https:\/\/pasaenmendoza.com\/index.php?rest_route=\/wp\/v2\/posts"}],"about":[{"href":"https:\/\/pasaenmendoza.com\/index.php?rest_route=\/wp\/v2\/types\/post"}],"author":[{"embeddable":true,"href":"https:\/\/pasaenmendoza.com\/index.php?rest_route=\/wp\/v2\/users\/2"}],"replies":[{"embeddable":true,"href":"https:\/\/pasaenmendoza.com\/index.php?rest_route=%2Fwp%2Fv2%2Fcomments&post=10102"}],"version-history":[{"count":1,"href":"https:\/\/pasaenmendoza.com\/index.php?rest_route=\/wp\/v2\/posts\/10102\/revisions"}],"predecessor-version":[{"id":10104,"href":"https:\/\/pasaenmendoza.com\/index.php?rest_route=\/wp\/v2\/posts\/10102\/revisions\/10104"}],"wp:featuredmedia":[{"embeddable":true,"href":"https:\/\/pasaenmendoza.com\/index.php?rest_route=\/wp\/v2\/media\/10103"}],"wp:attachment":[{"href":"https:\/\/pasaenmendoza.com\/index.php?rest_route=%2Fwp%2Fv2%2Fmedia&parent=10102"}],"wp:term":[{"taxonomy":"category","embeddable":true,"href":"https:\/\/pasaenmendoza.com\/index.php?rest_route=%2Fwp%2Fv2%2Fcategories&post=10102"},{"taxonomy":"post_tag","embeddable":true,"href":"https:\/\/pasaenmendoza.com\/index.php?rest_route=%2Fwp%2Fv2%2Ftags&post=10102"}],"curies":[{"name":"wp","href":"https:\/\/api.w.org\/{rel}","templated":true}]}}