{"id":10105,"date":"2024-11-13T23:28:30","date_gmt":"2024-11-13T22:28:30","guid":{"rendered":"https:\/\/pasaenmendoza.com\/?p=10105"},"modified":"2024-11-13T23:28:32","modified_gmt":"2024-11-13T22:28:32","slug":"un-hombre-resulto-gravemente-herido-al-caer-de-una-altura-de-cuatro-metros-mientras-trabajaba-en-maipu","status":"publish","type":"post","link":"https:\/\/pasaenmendoza.com\/?p=10105","title":{"rendered":"Un hombre result\u00f3 gravemente herido al caer de una altura de cuatro metros mientras trabajaba en Maip\u00fa"},"content":{"rendered":"\n<p><strong>Un hombre de 52 a\u00f1os fue hospitalizado tras un accidente laboral en\u00a0Maip\u00fa.<\/strong>\u00a0Seg\u00fan informaron fuentes del Ministerio de Seguridad y Justicia, el trabajador result\u00f3 con importantes heridas.<\/p>\n\n\n\n<p>Alrededor de las 11.10 de este mi\u00e9rcoles ingres\u00f3 un llamado al 911 que daba cuenta de una persona accidentada en un sal\u00f3n de calle Castro Barros.<\/p>\n\n\n\n<p>El hombre, que&nbsp;<strong>estaba realizando trabajos de metalurgia&nbsp;<\/strong>en el lugar, perdi\u00f3 el equilibrio y cay\u00f3 de una altura de entre 3 y 4 metros.<\/p>\n\n\n\n<p>Al lugar se desplaz\u00f3 una ambulancia del\u00a0<strong>Servicio de Emergencias Coordinado (SEC)<\/strong>, que traslad\u00f3 al trabajador herido al hospital Central donde los m\u00e9dicos de guardia le diagnosticaron politraumatismo grave por la ca\u00edda, m\u00faltiples fracturas de cr\u00e1neo y edema cerebral.<\/p>\n\n\n\n<p>Debido a la gravedad del cuadro,\u00a0<strong>el hombre qued\u00f3 internado en la Unidad de Terapia Intensiva.\u00a0<\/strong>Interviene la Oficina Fiscal de Jurisdicci\u00f3n.<\/p>\n\n\n\n<p><strong>Fuente: www.losandes.com.ar<\/strong><\/p>\n","protected":false},"excerpt":{"rendered":"<p>Un hombre de 52 a\u00f1os fue hospitalizado tras un accidente laboral en\u00a0Maip\u00fa.\u00a0Seg\u00fan informaron fuentes del Ministerio de Seguridad y Justicia, el trabajador result\u00f3 con importantes heridas. Alrededor de las 11.10 de este mi\u00e9rcoles ingres\u00f3 un llamado al 911 que daba cuenta de una persona accidentada en un sal\u00f3n de calle Castro Barros. El hombre, que&nbsp;estaba [&hellip;]<\/p>\n","protected":false},"author":2,"featured_media":10106,"comment_status":"open","ping_status":"open","sticky":false,"template":"","format":"standard","meta":[],"categories":[48],"tags":[],"_links":{"self":[{"href":"https:\/\/pasaenmendoza.com\/index.php?rest_route=\/wp\/v2\/posts\/10105"}],"collection":[{"href":"https:\/\/pasaenmendoza.com\/index.php?rest_route=\/wp\/v2\/posts"}],"about":[{"href":"https:\/\/pasaenmendoza.com\/index.php?rest_route=\/wp\/v2\/types\/post"}],"author":[{"embeddable":true,"href":"https:\/\/pasaenmendoza.com\/index.php?rest_route=\/wp\/v2\/users\/2"}],"replies":[{"embeddable":true,"href":"https:\/\/pasaenmendoza.com\/index.php?rest_route=%2Fwp%2Fv2%2Fcomments&post=10105"}],"version-history":[{"count":1,"href":"https:\/\/pasaenmendoza.com\/index.php?rest_route=\/wp\/v2\/posts\/10105\/revisions"}],"predecessor-version":[{"id":10107,"href":"https:\/\/pasaenmendoza.com\/index.php?rest_route=\/wp\/v2\/posts\/10105\/revisions\/10107"}],"wp:featuredmedia":[{"embeddable":true,"href":"https:\/\/pasaenmendoza.com\/index.php?rest_route=\/wp\/v2\/media\/10106"}],"wp:attachment":[{"href":"https:\/\/pasaenmendoza.com\/index.php?rest_route=%2Fwp%2Fv2%2Fmedia&parent=10105"}],"wp:term":[{"taxonomy":"category","embeddable":true,"href":"https:\/\/pasaenmendoza.com\/index.php?rest_route=%2Fwp%2Fv2%2Fcategories&post=10105"},{"taxonomy":"post_tag","embeddable":true,"href":"https:\/\/pasaenmendoza.com\/index.php?rest_route=%2Fwp%2Fv2%2Ftags&post=10105"}],"curies":[{"name":"wp","href":"https:\/\/api.w.org\/{rel}","templated":true}]}}