{"id":10108,"date":"2024-11-14T13:57:08","date_gmt":"2024-11-14T12:57:08","guid":{"rendered":"https:\/\/pasaenmendoza.com\/?p=10108"},"modified":"2024-11-14T13:57:09","modified_gmt":"2024-11-14T12:57:09","slug":"el-tiempo-en-mendoza-para-este-jueves-se-espera-una-jornada-agobiante","status":"publish","type":"post","link":"https:\/\/pasaenmendoza.com\/?p=10108","title":{"rendered":"El tiempo en Mendoza para este jueves: se espera una jornada agobiante"},"content":{"rendered":"\n<p>Se espera una&nbsp;<strong>temperatura m\u00e1xima&nbsp;<\/strong>que alcance los&nbsp;<strong>35 grados cent\u00edgrados<\/strong>, mientras que la<strong>&nbsp;m\u00ednima<\/strong>&nbsp;descender\u00e1 a los&nbsp;<strong>16 grados cent\u00edgrados<\/strong>&nbsp;para este<strong>&nbsp;jueves<\/strong>&nbsp;en Mendoza.<\/p>\n\n\n\n<p>El pron\u00f3stico de la Direcci\u00f3n de Contingencias Clim\u00e1ticas adelant\u00f3 que estar\u00e1 \u201c<em>caluroso con poca nubosidad, vientos moderados del noreste. Poco nuboso en cordillera<\/em>\u201c.<\/p>\n\n\n\n<p>De acuerdo con el<strong>\u00a0Servicio Meteorol\u00f3gico Nacional<\/strong>, la\u00a0<strong>ola de calor<\/strong>\u00a0continuar\u00e1, por lo menos, hasta el\u00a0<strong>viernes<\/strong>, donde se registrar\u00e1 una\u00a0<strong>m\u00e1xima de 37 grados<\/strong>\u00a0frente a una\u00a0<strong>m\u00ednima\u00a0<\/strong>que\u00a0<strong>rondar\u00e1 los 21 grados<\/strong>.\u00a0<\/p>\n\n\n\n<p>Sin embargo, la\u00a0<strong>temperatura descender\u00e1 considerablemente<\/strong>\u00a0entre el\u00a0<strong>s\u00e1bado<\/strong>\u00a0y\u00a0<strong>domingo<\/strong>.<\/p>\n\n\n\n<p><strong>Fuente: www.elsol.com.ar<\/strong><\/p>\n","protected":false},"excerpt":{"rendered":"<p>Se espera una&nbsp;temperatura m\u00e1xima&nbsp;que alcance los&nbsp;35 grados cent\u00edgrados, mientras que la&nbsp;m\u00ednima&nbsp;descender\u00e1 a los&nbsp;16 grados cent\u00edgrados&nbsp;para este&nbsp;jueves&nbsp;en Mendoza. El pron\u00f3stico de la Direcci\u00f3n de Contingencias Clim\u00e1ticas adelant\u00f3 que estar\u00e1 \u201ccaluroso con poca nubosidad, vientos moderados del noreste. Poco nuboso en cordillera\u201c. De acuerdo con el\u00a0Servicio Meteorol\u00f3gico Nacional, la\u00a0ola de calor\u00a0continuar\u00e1, por lo menos, hasta el\u00a0viernes, donde [&hellip;]<\/p>\n","protected":false},"author":2,"featured_media":10109,"comment_status":"open","ping_status":"open","sticky":false,"template":"","format":"standard","meta":[],"categories":[52],"tags":[],"_links":{"self":[{"href":"https:\/\/pasaenmendoza.com\/index.php?rest_route=\/wp\/v2\/posts\/10108"}],"collection":[{"href":"https:\/\/pasaenmendoza.com\/index.php?rest_route=\/wp\/v2\/posts"}],"about":[{"href":"https:\/\/pasaenmendoza.com\/index.php?rest_route=\/wp\/v2\/types\/post"}],"author":[{"embeddable":true,"href":"https:\/\/pasaenmendoza.com\/index.php?rest_route=\/wp\/v2\/users\/2"}],"replies":[{"embeddable":true,"href":"https:\/\/pasaenmendoza.com\/index.php?rest_route=%2Fwp%2Fv2%2Fcomments&post=10108"}],"version-history":[{"count":1,"href":"https:\/\/pasaenmendoza.com\/index.php?rest_route=\/wp\/v2\/posts\/10108\/revisions"}],"predecessor-version":[{"id":10110,"href":"https:\/\/pasaenmendoza.com\/index.php?rest_route=\/wp\/v2\/posts\/10108\/revisions\/10110"}],"wp:featuredmedia":[{"embeddable":true,"href":"https:\/\/pasaenmendoza.com\/index.php?rest_route=\/wp\/v2\/media\/10109"}],"wp:attachment":[{"href":"https:\/\/pasaenmendoza.com\/index.php?rest_route=%2Fwp%2Fv2%2Fmedia&parent=10108"}],"wp:term":[{"taxonomy":"category","embeddable":true,"href":"https:\/\/pasaenmendoza.com\/index.php?rest_route=%2Fwp%2Fv2%2Fcategories&post=10108"},{"taxonomy":"post_tag","embeddable":true,"href":"https:\/\/pasaenmendoza.com\/index.php?rest_route=%2Fwp%2Fv2%2Ftags&post=10108"}],"curies":[{"name":"wp","href":"https:\/\/api.w.org\/{rel}","templated":true}]}}