{"id":10111,"date":"2024-11-14T14:01:34","date_gmt":"2024-11-14T13:01:34","guid":{"rendered":"https:\/\/pasaenmendoza.com\/?p=10111"},"modified":"2024-11-14T14:01:35","modified_gmt":"2024-11-14T13:01:35","slug":"se-incendio-un-local-comercial-en-ciudad-hay-un-bombero-herido","status":"publish","type":"post","link":"https:\/\/pasaenmendoza.com\/?p=10111","title":{"rendered":"Se incendi\u00f3 un local comercial en Ciudad: hay un bombero herido"},"content":{"rendered":"\n<p><strong>Un bombero result\u00f3 herido en un incendio en Ciudad<\/strong>&nbsp;cuando realizaba tareas de extinci\u00f3n. El techo del lugar colaps\u00f3 y una de las chapas cay\u00f3 sobre \u00e9l. El trabajador fue trasladado a la cl\u00ednica Francesa.<\/p>\n\n\n\n<p>El fuego comenz\u00f3 a las 5 de la madrugada de este jueves, en un local comercial ubicado en Av. San Mart\u00edn 2081, Ciudad.<\/p>\n\n\n\n<p>Tras recibir el aviso, la dotaci\u00f3n de bomberos se traslad\u00f3 hacia el lugar. All\u00ed, mientras se realizaban los trabajos para sofocar el fuego, colaps\u00f3 el techo del comercio, cayendo una de las chapas sobre la parte izquierda del auxiliar.<\/p>\n\n\n\n<p>En primera instancia, el bombero&nbsp;<strong>manifest\u00f3 dolor en extremidad izquierda y columna<\/strong>, por lo que debi\u00f3 ser trasladado a la cl\u00ednica Francesa para ser asistido.<\/p>\n\n\n\n<p>En tanto, el sitio afectado, una edificaci\u00f3n antigua de adobe con techo de chapas y palos rollizos, sufri\u00f3\u00a0<strong>p\u00e9rdidas totales<\/strong>.<\/p>\n\n\n\n<p><strong>Fuente: www.elsol.com.ar<\/strong><\/p>\n","protected":false},"excerpt":{"rendered":"<p>Un bombero result\u00f3 herido en un incendio en Ciudad&nbsp;cuando realizaba tareas de extinci\u00f3n. El techo del lugar colaps\u00f3 y una de las chapas cay\u00f3 sobre \u00e9l. El trabajador fue trasladado a la cl\u00ednica Francesa. El fuego comenz\u00f3 a las 5 de la madrugada de este jueves, en un local comercial ubicado en Av. San Mart\u00edn [&hellip;]<\/p>\n","protected":false},"author":2,"featured_media":10112,"comment_status":"open","ping_status":"open","sticky":false,"template":"","format":"standard","meta":[],"categories":[48],"tags":[],"_links":{"self":[{"href":"https:\/\/pasaenmendoza.com\/index.php?rest_route=\/wp\/v2\/posts\/10111"}],"collection":[{"href":"https:\/\/pasaenmendoza.com\/index.php?rest_route=\/wp\/v2\/posts"}],"about":[{"href":"https:\/\/pasaenmendoza.com\/index.php?rest_route=\/wp\/v2\/types\/post"}],"author":[{"embeddable":true,"href":"https:\/\/pasaenmendoza.com\/index.php?rest_route=\/wp\/v2\/users\/2"}],"replies":[{"embeddable":true,"href":"https:\/\/pasaenmendoza.com\/index.php?rest_route=%2Fwp%2Fv2%2Fcomments&post=10111"}],"version-history":[{"count":1,"href":"https:\/\/pasaenmendoza.com\/index.php?rest_route=\/wp\/v2\/posts\/10111\/revisions"}],"predecessor-version":[{"id":10113,"href":"https:\/\/pasaenmendoza.com\/index.php?rest_route=\/wp\/v2\/posts\/10111\/revisions\/10113"}],"wp:featuredmedia":[{"embeddable":true,"href":"https:\/\/pasaenmendoza.com\/index.php?rest_route=\/wp\/v2\/media\/10112"}],"wp:attachment":[{"href":"https:\/\/pasaenmendoza.com\/index.php?rest_route=%2Fwp%2Fv2%2Fmedia&parent=10111"}],"wp:term":[{"taxonomy":"category","embeddable":true,"href":"https:\/\/pasaenmendoza.com\/index.php?rest_route=%2Fwp%2Fv2%2Fcategories&post=10111"},{"taxonomy":"post_tag","embeddable":true,"href":"https:\/\/pasaenmendoza.com\/index.php?rest_route=%2Fwp%2Fv2%2Ftags&post=10111"}],"curies":[{"name":"wp","href":"https:\/\/api.w.org\/{rel}","templated":true}]}}