{"id":10114,"date":"2024-11-14T14:08:33","date_gmt":"2024-11-14T13:08:33","guid":{"rendered":"https:\/\/pasaenmendoza.com\/?p=10114"},"modified":"2024-11-14T14:08:34","modified_gmt":"2024-11-14T13:08:34","slug":"incendiaron-una-muebleria-en-la-alameda-en-un-intento-de-robo","status":"publish","type":"post","link":"https:\/\/pasaenmendoza.com\/?p=10114","title":{"rendered":"Incendiaron una muebler\u00eda en la Alameda en un intento de robo"},"content":{"rendered":"\n<p>Un grupo de cuatro j\u00f3venes incendi\u00f3&nbsp;<strong>una muebler\u00eda abandonada de la Alameda en la madrugada de este jueves, en un intento de robo.&nbsp;<\/strong>Dotaciones de bomberos lograron controlar el fuego y en horas de la ma\u00f1ana se dedicaron a las tareas de enfriamiento.<\/p>\n\n\n\n<p>El fuego comenz\u00f3 alrededor de las 5 de la ma\u00f1ana, cuando ingres\u00f3 un llamado al 911 alertando por el incendio de una muebler\u00eda en calle Maza y San Mart\u00edn de Ciudad.<\/p>\n\n\n\n<p>Bomberos de Ciudad, Guaymall\u00e9n, Godoy Cruz, Las Heras y Cuartel Central se trasladaron al lugar y controlaron el fuego. En tanto, las p\u00e9rdidas resultaron totales y tuvieron que desalojar el edificio contiguo.<\/p>\n\n\n\n<p>Por el hecho, en el que no se reportaron heridos,&nbsp;<strong>se detuvo a cuatro individuos, de entre 20 y 32 a\u00f1os,&nbsp;<\/strong>que fueron registrados por las c\u00e1maras de seguridad de la zona saliendo del espacio minutos antes del inicio del fuego.<\/p>\n\n\n\n<p>Seg\u00fan indicaron testigos del hecho, los sospechosos habr\u00edan salido del lugar en llamas con una sombrilla blanca. Tras un patrullaje, se los detuvo en calle Federico Moreno y Tucum\u00e1n.<\/p>\n\n\n\n<p><strong>Fuente: www.elsol.com.ar<\/strong><\/p>\n","protected":false},"excerpt":{"rendered":"<p>Un grupo de cuatro j\u00f3venes incendi\u00f3&nbsp;una muebler\u00eda abandonada de la Alameda en la madrugada de este jueves, en un intento de robo.&nbsp;Dotaciones de bomberos lograron controlar el fuego y en horas de la ma\u00f1ana se dedicaron a las tareas de enfriamiento. El fuego comenz\u00f3 alrededor de las 5 de la ma\u00f1ana, cuando ingres\u00f3 un llamado [&hellip;]<\/p>\n","protected":false},"author":2,"featured_media":10115,"comment_status":"open","ping_status":"open","sticky":false,"template":"","format":"standard","meta":[],"categories":[48],"tags":[],"_links":{"self":[{"href":"https:\/\/pasaenmendoza.com\/index.php?rest_route=\/wp\/v2\/posts\/10114"}],"collection":[{"href":"https:\/\/pasaenmendoza.com\/index.php?rest_route=\/wp\/v2\/posts"}],"about":[{"href":"https:\/\/pasaenmendoza.com\/index.php?rest_route=\/wp\/v2\/types\/post"}],"author":[{"embeddable":true,"href":"https:\/\/pasaenmendoza.com\/index.php?rest_route=\/wp\/v2\/users\/2"}],"replies":[{"embeddable":true,"href":"https:\/\/pasaenmendoza.com\/index.php?rest_route=%2Fwp%2Fv2%2Fcomments&post=10114"}],"version-history":[{"count":1,"href":"https:\/\/pasaenmendoza.com\/index.php?rest_route=\/wp\/v2\/posts\/10114\/revisions"}],"predecessor-version":[{"id":10116,"href":"https:\/\/pasaenmendoza.com\/index.php?rest_route=\/wp\/v2\/posts\/10114\/revisions\/10116"}],"wp:featuredmedia":[{"embeddable":true,"href":"https:\/\/pasaenmendoza.com\/index.php?rest_route=\/wp\/v2\/media\/10115"}],"wp:attachment":[{"href":"https:\/\/pasaenmendoza.com\/index.php?rest_route=%2Fwp%2Fv2%2Fmedia&parent=10114"}],"wp:term":[{"taxonomy":"category","embeddable":true,"href":"https:\/\/pasaenmendoza.com\/index.php?rest_route=%2Fwp%2Fv2%2Fcategories&post=10114"},{"taxonomy":"post_tag","embeddable":true,"href":"https:\/\/pasaenmendoza.com\/index.php?rest_route=%2Fwp%2Fv2%2Ftags&post=10114"}],"curies":[{"name":"wp","href":"https:\/\/api.w.org\/{rel}","templated":true}]}}