{"id":1012,"date":"2023-08-29T14:04:11","date_gmt":"2023-08-29T12:04:11","guid":{"rendered":"https:\/\/pasaenmendoza.com\/?p=1012"},"modified":"2023-08-29T14:04:12","modified_gmt":"2023-08-29T12:04:12","slug":"un-informe-sobre-la-independencia-de-la-justicia-puso-la-mira-sobre-el-bentogate","status":"publish","type":"post","link":"https:\/\/pasaenmendoza.com\/?p=1012","title":{"rendered":"Un informe sobre la independencia de la Justicia puso la mira sobre el Bentogate"},"content":{"rendered":"\n<p>El trabajo fue realizado por la Federaci\u00f3n Latinoamericana de Magistrados (FLAM) junto a Cyrus R. Vance Center For International Justice y la Comisi\u00f3n Pro Bono.<\/p>\n\n\n\n<p>Un diagn\u00f3stico sobre la&nbsp;<strong>Independencia del Poder Judicial en Argentina<\/strong>, realizado por&nbsp;<mark>la Federaci\u00f3n Latinoamericana de Magistrados (FLAM) junto a Cyrus R. Vance Center For International Justice y la Comisi\u00f3n Pro Bono<\/mark>, analiz\u00f3 los casos de corrupci\u00f3n dentro del Poder Judicial, entre otros temas. En este punto se destaca el caso del suspendido juez federal de Mendoza Walter Bento, procesado como l\u00edder de una asociaci\u00f3n il\u00edcita que ped\u00eda dinero a cambio de favores en las causas que instru\u00eda.<\/p>\n\n\n\n<p>El juicio oral contra Bento y otros 31 imputados, entre ellos su esposa y dos hijos, comenz\u00f3 a fines de julio. Luego de nueve jornadas de debate, se espera que el pr\u00f3ximo mi\u00e9rcoles 6 de septiembre el magistrado suspendido, sobre el que pesan numerosos pedidos de prisi\u00f3n preventiva, declare por primera vez ante el Tribunal Oral Federal N\u00b02, compuesto por las juezas\u00a0<strong>Gretell Diamante (presidenta), Eliana Beatriz Ratta Rivas y Mar\u00eda Carolina Pereyra (vocales).<\/strong><\/p>\n\n\n\n<p>Por otra parte, el jurado de Enjuiciamiento de Magistrados de la Naci\u00f3n estableci\u00f3 que\u00a0<mark>el 25 de septiembre, en forma paralela al debate oral, comenzar\u00e1 el juicio pol\u00edtico contra Bento<\/mark>, que corre el riesgo de ser destituido de su cargo por presunto mal desempe\u00f1o de funciones. Si eso ocurre, el juez podr\u00eda ir a prisi\u00f3n porque perder\u00eda autom\u00e1ticamente los fueros.<\/p>\n\n\n\n<p><em>\u201cLa Auditor\u00eda llevada adelante por el CM respecto de las causas de corrupci\u00f3n en la justicia federal revel\u00f3 problemas de recursos humanos, tecnol\u00f3gicos y funcionales que hacen casi imposible investigar y sancionar la corrupci\u00f3n. Actualmente existe un Observatorio de la Corrupci\u00f3n del Centro de Informaci\u00f3n Judicial dependiente de la CSJN que lleva un registro de las causas en tr\u00e1mite y las terminadas\u201d<\/em>, dice el trabajo sobre la Independencia del Poder Judicial, que\u00a0tambi\u00e9n incluy\u00f3 fuertes cr\u00edticas al juicio pol\u00edtico contra los miembros de la Corte Suprema, un an\u00e1lisis de los\u00a0procesos de selecci\u00f3n de magistrados y jueces, de la capacitaci\u00f3n de los empleados y del manejo del Presupuesto del Poder Judicial.<\/p>\n\n\n\n<p>FUENTE: elsol.com.ar<\/p>\n","protected":false},"excerpt":{"rendered":"<p>El trabajo fue realizado por la Federaci\u00f3n Latinoamericana de Magistrados (FLAM) junto a Cyrus R. Vance Center For International Justice y la Comisi\u00f3n Pro Bono. Un diagn\u00f3stico sobre la&nbsp;Independencia del Poder Judicial en Argentina, realizado por&nbsp;la Federaci\u00f3n Latinoamericana de Magistrados (FLAM) junto a Cyrus R. Vance Center For International Justice y la Comisi\u00f3n Pro Bono, [&hellip;]<\/p>\n","protected":false},"author":2,"featured_media":1013,"comment_status":"open","ping_status":"open","sticky":true,"template":"","format":"standard","meta":[],"categories":[51],"tags":[],"_links":{"self":[{"href":"https:\/\/pasaenmendoza.com\/index.php?rest_route=\/wp\/v2\/posts\/1012"}],"collection":[{"href":"https:\/\/pasaenmendoza.com\/index.php?rest_route=\/wp\/v2\/posts"}],"about":[{"href":"https:\/\/pasaenmendoza.com\/index.php?rest_route=\/wp\/v2\/types\/post"}],"author":[{"embeddable":true,"href":"https:\/\/pasaenmendoza.com\/index.php?rest_route=\/wp\/v2\/users\/2"}],"replies":[{"embeddable":true,"href":"https:\/\/pasaenmendoza.com\/index.php?rest_route=%2Fwp%2Fv2%2Fcomments&post=1012"}],"version-history":[{"count":1,"href":"https:\/\/pasaenmendoza.com\/index.php?rest_route=\/wp\/v2\/posts\/1012\/revisions"}],"predecessor-version":[{"id":1014,"href":"https:\/\/pasaenmendoza.com\/index.php?rest_route=\/wp\/v2\/posts\/1012\/revisions\/1014"}],"wp:featuredmedia":[{"embeddable":true,"href":"https:\/\/pasaenmendoza.com\/index.php?rest_route=\/wp\/v2\/media\/1013"}],"wp:attachment":[{"href":"https:\/\/pasaenmendoza.com\/index.php?rest_route=%2Fwp%2Fv2%2Fmedia&parent=1012"}],"wp:term":[{"taxonomy":"category","embeddable":true,"href":"https:\/\/pasaenmendoza.com\/index.php?rest_route=%2Fwp%2Fv2%2Fcategories&post=1012"},{"taxonomy":"post_tag","embeddable":true,"href":"https:\/\/pasaenmendoza.com\/index.php?rest_route=%2Fwp%2Fv2%2Ftags&post=1012"}],"curies":[{"name":"wp","href":"https:\/\/api.w.org\/{rel}","templated":true}]}}