{"id":10129,"date":"2024-11-14T21:49:12","date_gmt":"2024-11-14T20:49:12","guid":{"rendered":"https:\/\/pasaenmendoza.com\/?p=10129"},"modified":"2024-11-14T21:49:12","modified_gmt":"2024-11-14T20:49:12","slug":"latorre-adelanto-que-los-proyectos-de-mineria-demandaran-entre-20-y-30-empleados-cada-uno","status":"publish","type":"post","link":"https:\/\/pasaenmendoza.com\/?p=10129","title":{"rendered":"Latorre adelant\u00f3 que los proyectos de miner\u00eda demandar\u00e1n entre 20 y 30 empleados cada uno"},"content":{"rendered":"\n<p>La aprobaci\u00f3n de la\u00a0<strong>declaraci\u00f3n de impacto ambiental de los\u00a034 proyectos mineros de Malarg\u00fce\u00a0<\/strong>puso exultante a todo el equipo de Gobierno. Tanto que el mismo gobernador\u00a0<strong>Alfredo Cornejo\u00a0<\/strong>no quiso esperar<strong>\u00a0ni un d\u00eda m\u00e1s<\/strong>\u00a0para reunirse con los empresarios que lideran esos proyectos, para plantearles que ahora les toca a ellos<strong>\u00a0acelerar el trabajo de exploraci\u00f3n.<\/strong><\/p>\n\n\n\n<p>Tanto es as\u00ed que hasta se les consult\u00f3 por las inversiones que tienen previstas en sus planes de trabajo e incluso por las contrataciones que planean hacer para este primer trabajo de campo.<\/p>\n\n\n\n<p>&#8220;Algunos empresarios nos hablaron de la contrataci\u00f3n de entre\u00a0<strong>20 y 30 personas\u00a0<\/strong>para las primeras tareas de exploraci\u00f3n de cada uno de esos proyectos mineros para esta campa\u00f1a que ya comienza&#8221;, adelant\u00f3 la ministra de Energ\u00eda, Jimena Latorre.<\/p>\n\n\n\n<p>La ministra, que tambi\u00e9n lider\u00f3 esa reuni\u00f3n con los empresarios, se encarg\u00f3 de explicar c\u00f3mo se realiza esa tarea de exploraci\u00f3n y c\u00f3mo se distribuye el trabajo.<\/p>\n\n\n\n<p>&#8220;La cantidad de personas que se emplean en la fase de exploraci\u00f3n de miner\u00eda metal\u00edfera tambi\u00e9n depende del \u00e9xito que se vaya consiguiendo en cada una de las etapas de ese primer acercamiento al territorio. Se comienza con una prospecci\u00f3n, luego se va a una exploraci\u00f3n inicial y\u00a0<strong>si los resultados son buenos en las distintas campa\u00f1as se va a incorporando m\u00e1s gente<\/strong>. En principio el trabajo es de gabinete, de ge\u00f3logos que comparan los mapas satelitales y luego eso se lleva al campo para tareas como la toma de muestras hasta la apertura de caminos&#8221;, describi\u00f3.<\/p>\n\n\n\n<p>A la par marc\u00f3 que en la industria minera se calcula que&nbsp;<strong>por cada empleado directo se generan otros 7 empleos indirectos.<\/strong><\/p>\n\n\n\n<p>&#8220;Por eso entendemos que esas primeras contrataciones van a tener impacto en la econom\u00eda directa del lugar, por todos los servicios que van a requerir de las actividades asociadas&#8221;, vaticin\u00f3.<\/p>\n\n\n\n<h2 class=\"wp-block-heading\">Cuando se conocer\u00e1 el plan de trabajo de los proyectos mineros<\/h2>\n\n\n\n<p>Latorre sincer\u00f3 que en medio de la reuni\u00f3n con los empresarios mineros que comenzar\u00e1n con la exploraci\u00f3n en b\u00fasqueda de cobre de Malarg\u00fce se les aclar\u00f3 que tendr\u00e1n 30 d\u00edas para presentar su plan de trabajo en el que deber\u00e1n explicitar qu\u00e9 inversi\u00f3n pretenden hacer en esa etapa.<\/p>\n\n\n\n<p>&#8220;Lo que queremos es llevarle tranquilidad a la gente del lugar, que esto no va a significar un trabajo an\u00e1rquico de apertura de caminos. En esos planes de trabajo deben explicar es qu\u00e9 caminos se van a abrir y cuales van a ser reutilizados. Hay que decir que de hecho muchos de esos caminos pueden ser utilizados para el trabajo ganadero y eso lo hemos hablado con el intendente de Malarg\u00fce para que se haga lo que menos impacto ambiental genere&#8221;, proyect\u00f3.<\/p>\n\n\n\n<p><strong>Fuente: www.diariouno.com.ar<\/strong><\/p>\n","protected":false},"excerpt":{"rendered":"<p>La aprobaci\u00f3n de la\u00a0declaraci\u00f3n de impacto ambiental de los\u00a034 proyectos mineros de Malarg\u00fce\u00a0puso exultante a todo el equipo de Gobierno. Tanto que el mismo gobernador\u00a0Alfredo Cornejo\u00a0no quiso esperar\u00a0ni un d\u00eda m\u00e1s\u00a0para reunirse con los empresarios que lideran esos proyectos, para plantearles que ahora les toca a ellos\u00a0acelerar el trabajo de exploraci\u00f3n. Tanto es as\u00ed que [&hellip;]<\/p>\n","protected":false},"author":2,"featured_media":10130,"comment_status":"open","ping_status":"open","sticky":false,"template":"","format":"standard","meta":[],"categories":[47],"tags":[],"_links":{"self":[{"href":"https:\/\/pasaenmendoza.com\/index.php?rest_route=\/wp\/v2\/posts\/10129"}],"collection":[{"href":"https:\/\/pasaenmendoza.com\/index.php?rest_route=\/wp\/v2\/posts"}],"about":[{"href":"https:\/\/pasaenmendoza.com\/index.php?rest_route=\/wp\/v2\/types\/post"}],"author":[{"embeddable":true,"href":"https:\/\/pasaenmendoza.com\/index.php?rest_route=\/wp\/v2\/users\/2"}],"replies":[{"embeddable":true,"href":"https:\/\/pasaenmendoza.com\/index.php?rest_route=%2Fwp%2Fv2%2Fcomments&post=10129"}],"version-history":[{"count":1,"href":"https:\/\/pasaenmendoza.com\/index.php?rest_route=\/wp\/v2\/posts\/10129\/revisions"}],"predecessor-version":[{"id":10131,"href":"https:\/\/pasaenmendoza.com\/index.php?rest_route=\/wp\/v2\/posts\/10129\/revisions\/10131"}],"wp:featuredmedia":[{"embeddable":true,"href":"https:\/\/pasaenmendoza.com\/index.php?rest_route=\/wp\/v2\/media\/10130"}],"wp:attachment":[{"href":"https:\/\/pasaenmendoza.com\/index.php?rest_route=%2Fwp%2Fv2%2Fmedia&parent=10129"}],"wp:term":[{"taxonomy":"category","embeddable":true,"href":"https:\/\/pasaenmendoza.com\/index.php?rest_route=%2Fwp%2Fv2%2Fcategories&post=10129"},{"taxonomy":"post_tag","embeddable":true,"href":"https:\/\/pasaenmendoza.com\/index.php?rest_route=%2Fwp%2Fv2%2Ftags&post=10129"}],"curies":[{"name":"wp","href":"https:\/\/api.w.org\/{rel}","templated":true}]}}