{"id":10132,"date":"2024-11-15T13:46:28","date_gmt":"2024-11-15T12:46:28","guid":{"rendered":"https:\/\/pasaenmendoza.com\/?p=10132"},"modified":"2024-11-15T13:46:29","modified_gmt":"2024-11-15T12:46:29","slug":"el-tiempo-en-mendoza-viernes-caluroso-con-zonda-y-hasta-tormentas","status":"publish","type":"post","link":"https:\/\/pasaenmendoza.com\/?p=10132","title":{"rendered":"El tiempo en Mendoza: viernes caluroso, con Zonda y hasta tormentas"},"content":{"rendered":"\n<p>Con un\u00a0alerta en nivel amarillo de\u00a0<strong>viento Zonda<\/strong>, este viernes\u00a0<strong>la temperatura m\u00e1xima subir\u00e1 a 37 grados cent\u00edgrados, mientras que la m\u00ednima ser\u00e1 de 21 grados cent\u00edgrados<\/strong>.<\/p>\n\n\n\n<p>El pron\u00f3stico de la&nbsp;<strong>Direcci\u00f3n de Contingencias Clim\u00e1ticas<\/strong>&nbsp;adelant\u00f3 que estar\u00e1 \u201c<em>caluroso y algo nublado, inestable hacia la noche con tormentas que afectar\u00e1n principalmente el centro, sur y este provincial<\/em>\u201c.<\/p>\n\n\n\n<p>Tambi\u00e9n destac\u00f3 la presencia de \u201c<em>vientos del sector sur. Zonda en Malarg\u00fce y precordillera<\/em>\u201c.<\/p>\n\n\n\n<p>Respecto a la alta monta\u00f1a, indic\u00f3: \u201c<em>Poco nuboso en cordillera<\/em>\u201c.<\/p>\n\n\n\n<p><strong>Fuente: www.elsol.com.ar<\/strong><\/p>\n","protected":false},"excerpt":{"rendered":"<p>Con un\u00a0alerta en nivel amarillo de\u00a0viento Zonda, este viernes\u00a0la temperatura m\u00e1xima subir\u00e1 a 37 grados cent\u00edgrados, mientras que la m\u00ednima ser\u00e1 de 21 grados cent\u00edgrados. El pron\u00f3stico de la&nbsp;Direcci\u00f3n de Contingencias Clim\u00e1ticas&nbsp;adelant\u00f3 que estar\u00e1 \u201ccaluroso y algo nublado, inestable hacia la noche con tormentas que afectar\u00e1n principalmente el centro, sur y este provincial\u201c. Tambi\u00e9n destac\u00f3 [&hellip;]<\/p>\n","protected":false},"author":2,"featured_media":10133,"comment_status":"open","ping_status":"open","sticky":false,"template":"","format":"standard","meta":[],"categories":[52],"tags":[],"_links":{"self":[{"href":"https:\/\/pasaenmendoza.com\/index.php?rest_route=\/wp\/v2\/posts\/10132"}],"collection":[{"href":"https:\/\/pasaenmendoza.com\/index.php?rest_route=\/wp\/v2\/posts"}],"about":[{"href":"https:\/\/pasaenmendoza.com\/index.php?rest_route=\/wp\/v2\/types\/post"}],"author":[{"embeddable":true,"href":"https:\/\/pasaenmendoza.com\/index.php?rest_route=\/wp\/v2\/users\/2"}],"replies":[{"embeddable":true,"href":"https:\/\/pasaenmendoza.com\/index.php?rest_route=%2Fwp%2Fv2%2Fcomments&post=10132"}],"version-history":[{"count":1,"href":"https:\/\/pasaenmendoza.com\/index.php?rest_route=\/wp\/v2\/posts\/10132\/revisions"}],"predecessor-version":[{"id":10134,"href":"https:\/\/pasaenmendoza.com\/index.php?rest_route=\/wp\/v2\/posts\/10132\/revisions\/10134"}],"wp:featuredmedia":[{"embeddable":true,"href":"https:\/\/pasaenmendoza.com\/index.php?rest_route=\/wp\/v2\/media\/10133"}],"wp:attachment":[{"href":"https:\/\/pasaenmendoza.com\/index.php?rest_route=%2Fwp%2Fv2%2Fmedia&parent=10132"}],"wp:term":[{"taxonomy":"category","embeddable":true,"href":"https:\/\/pasaenmendoza.com\/index.php?rest_route=%2Fwp%2Fv2%2Fcategories&post=10132"},{"taxonomy":"post_tag","embeddable":true,"href":"https:\/\/pasaenmendoza.com\/index.php?rest_route=%2Fwp%2Fv2%2Ftags&post=10132"}],"curies":[{"name":"wp","href":"https:\/\/api.w.org\/{rel}","templated":true}]}}