{"id":10138,"date":"2024-11-15T14:53:31","date_gmt":"2024-11-15T13:53:31","guid":{"rendered":"https:\/\/pasaenmendoza.com\/?p=10138"},"modified":"2024-11-15T14:53:32","modified_gmt":"2024-11-15T13:53:32","slug":"la-fiscalia-pidio-que-cacho-garay-vaya-a-juicio-y-su-defensa-insiste-con-la-libertad","status":"publish","type":"post","link":"https:\/\/pasaenmendoza.com\/?p=10138","title":{"rendered":"La Fiscal\u00eda pidi\u00f3 que Cacho Garay vaya a juicio y su defensa insiste con la libertad"},"content":{"rendered":"\n<p>En los \u00faltimos d\u00edas de noviembre est\u00e1 dispuesto que se defina gran parte de la suerte de\u00a0<strong>Juan\u00a0<em>Cacho\u00a0<\/em>Garay<\/strong>\u00a0(69). Un tribunal deber\u00e1 resolver dos cuestiones fundamentales: si la causa por\u00a0<strong>abuso sexual\u00a0<\/strong>y<strong>\u00a0violencia de g\u00e9nero<\/strong>\u00a0est\u00e1 lista para ventilarse en un juicio, tal como sostiene la Fiscal\u00eda, y por otro lado si el humorista recupera su libertad, tal como solicit\u00f3 la defensa.<\/p>\n\n\n\n<p>El expediente que se impuls\u00f3 hace m\u00e1s de un a\u00f1o y medio tras la denuncia que radic\u00f3 su expareja,\u00a0<strong>Ver\u00f3nica Mac\u00edas (36)<\/strong>, est\u00e1 en momentos claves. Por un lado, la fiscal de\u00a0<strong>Violencia de G\u00e9nero\u00a0<\/strong>M\u00f3nica Fern\u00e1ndez Poblet consider\u00f3 que ya se realizaron todas las pruebas, la investigaci\u00f3n est\u00e1 agotada y est\u00e1 lista para ventilarse en un juicio que defina si\u00a0<strong><em>Cacho\u00a0<\/em>Garay\u00a0<\/strong>es culpable o inocente.<\/p>\n\n\n\n<p>Una de las \u00faltimas\u00a0<strong>evidencias\u00a0<\/strong>que se incorpor\u00f3 es el informe final de la pericia psicol\u00f3gica a la denunciante. Adem\u00e1s, los sabuesos tecnol\u00f3gicos confirmaron que no lograron &#8220;abrir&#8221; el tel\u00e9fono celular de\u00a0<strong><em>Cacho\u00a0<\/em>Garay<\/strong>\u00a0y no se pudo extraer informaci\u00f3n. Sin embargo, los abogados defensores Juan Pablo Ildarraz y Daniel Romero se opusieron a la\u00a0<strong>elevaci\u00f3n a juicio<\/strong>\u00a0por lo que este ser\u00e1 uno de los puntos a discutir en esa audiencia.<\/p>\n\n\n\n<p>La segunda cuesti\u00f3n importante que se debatir\u00e1 en esa audiencia es el pedido que realiz\u00f3 la defensa de<strong><em>&nbsp;Cacho&nbsp;<\/em>Garay<\/strong>&nbsp;para que&nbsp;<strong>recupere su libertad<\/strong>, ya que se encuentra con prisi\u00f3n domiciliaria. El argumento es que hay un &#8220;nuevo elemento de juicio&#8221; que es la pericia psicol\u00f3gica que se realiz\u00f3 sobre&nbsp;<strong>Ver\u00f3nica Mac\u00edas<\/strong>. Los defensores mencionaron que el informe asegur\u00f3 que el relato de la mujer es poco cre\u00edble.<\/p>\n\n\n\n<h2 class=\"wp-block-heading\">La denuncia de violencia de g\u00e9nero y abuso sexual contra Cacho Garay<\/h2>\n\n\n\n<p>En los primeros d\u00edas de abril de 2023 trascendi\u00f3 una denuncia por\u00a0<strong>violencia de g\u00e9nero<\/strong>\u00a0que\u00a0<strong>Ver\u00f3nica Mac\u00edas<\/strong>\u00a0hizo contra su esposo,\u00a0<strong><em>Cacho\u00a0<\/em>Garay<\/strong>. La mujer explic\u00f3 que el 5 de abril mantuvo una discusi\u00f3n con\u00a0<strong><em>Cacho\u00a0<\/em>Garay\u00a0<\/strong>en el domicilio donde conviv\u00edan en Luj\u00e1n de Cuyo. La situaci\u00f3n se fue elevando de tono hasta que el acusado tom\u00f3 un arma de fuego, le apunt\u00f3 a la cabeza y le advirti\u00f3: &#8220;Te voy a matar&#8221;.<\/p>\n\n\n\n<p>Una semana despu\u00e9s se realiz\u00f3 un&nbsp;<strong>allanamiento&nbsp;<\/strong>en el domicilio donde el humorista fue detenido y se secuestraron cuatro armas de fuego de colecci\u00f3n, de las cuales dos estaban aptas para el disparo. Sin embargo, estuvo menos de 24 horas preso, ya que recuper\u00f3 la libertad.<\/p>\n\n\n\n<p>La bailarina ampli\u00f3 su testimonio y habl\u00f3 de reiterados\u00a0<strong>abusos sexuales<\/strong>\u00a0y de haber sido privada de su libertad por parte de\u00a0<strong><em>Cacho\u00a0<\/em>Garay.<\/strong>\u00a0La Fiscal\u00eda de\u00a0<strong>Violencia de G\u00e9nero\u00a0<\/strong>agrav\u00f3 la imputaci\u00f3n y orden\u00f3 la detenci\u00f3n domiciliaria del sospechoso.<\/p>\n\n\n\n<p>El humorista est\u00e1 acusado de amenazas agravadas, tenencia ilegal de arma de fuego de uso civil,&nbsp;<strong>abuso sexual&nbsp;<\/strong>con acceso carnal, privaci\u00f3n de la libertad agravada y desobediencia a una orden judicial. Arriesga una potencial condena de 8 a 32 a\u00f1os de c\u00e1rcel.<\/p>\n\n\n\n<p>Semanas despu\u00e9s se apunt\u00f3 contra la empleada legislativa\u00a0<strong>Sandra Astudillo Staffolani<\/strong>, quien hab\u00eda sido pareja de\u00a0<strong><em>Cacho\u00a0<\/em>Garay<\/strong>. Creen que particip\u00f3 en varios\u00a0<strong>abusos sexuales\u00a0<\/strong>que el humorista cometi\u00f3 contra\u00a0<strong>Ver\u00f3nica Mac\u00edas<\/strong>\u00a0entre los a\u00f1os 2011 y 2013. Los hechos ocurrieron en distintas viviendas y se trat\u00f3 de vej\u00e1menes con penetraci\u00f3n y hasta la obligaron a consumir sedantes, seg\u00fan declar\u00f3 la denunciante.<\/p>\n\n\n\n<p><strong>Fuente: www.diariouno.com.ar<\/strong><\/p>\n","protected":false},"excerpt":{"rendered":"<p>En los \u00faltimos d\u00edas de noviembre est\u00e1 dispuesto que se defina gran parte de la suerte de\u00a0Juan\u00a0Cacho\u00a0Garay\u00a0(69). Un tribunal deber\u00e1 resolver dos cuestiones fundamentales: si la causa por\u00a0abuso sexual\u00a0y\u00a0violencia de g\u00e9nero\u00a0est\u00e1 lista para ventilarse en un juicio, tal como sostiene la Fiscal\u00eda, y por otro lado si el humorista recupera su libertad, tal como solicit\u00f3 [&hellip;]<\/p>\n","protected":false},"author":2,"featured_media":10139,"comment_status":"open","ping_status":"open","sticky":false,"template":"","format":"standard","meta":[],"categories":[48],"tags":[],"_links":{"self":[{"href":"https:\/\/pasaenmendoza.com\/index.php?rest_route=\/wp\/v2\/posts\/10138"}],"collection":[{"href":"https:\/\/pasaenmendoza.com\/index.php?rest_route=\/wp\/v2\/posts"}],"about":[{"href":"https:\/\/pasaenmendoza.com\/index.php?rest_route=\/wp\/v2\/types\/post"}],"author":[{"embeddable":true,"href":"https:\/\/pasaenmendoza.com\/index.php?rest_route=\/wp\/v2\/users\/2"}],"replies":[{"embeddable":true,"href":"https:\/\/pasaenmendoza.com\/index.php?rest_route=%2Fwp%2Fv2%2Fcomments&post=10138"}],"version-history":[{"count":1,"href":"https:\/\/pasaenmendoza.com\/index.php?rest_route=\/wp\/v2\/posts\/10138\/revisions"}],"predecessor-version":[{"id":10140,"href":"https:\/\/pasaenmendoza.com\/index.php?rest_route=\/wp\/v2\/posts\/10138\/revisions\/10140"}],"wp:featuredmedia":[{"embeddable":true,"href":"https:\/\/pasaenmendoza.com\/index.php?rest_route=\/wp\/v2\/media\/10139"}],"wp:attachment":[{"href":"https:\/\/pasaenmendoza.com\/index.php?rest_route=%2Fwp%2Fv2%2Fmedia&parent=10138"}],"wp:term":[{"taxonomy":"category","embeddable":true,"href":"https:\/\/pasaenmendoza.com\/index.php?rest_route=%2Fwp%2Fv2%2Fcategories&post=10138"},{"taxonomy":"post_tag","embeddable":true,"href":"https:\/\/pasaenmendoza.com\/index.php?rest_route=%2Fwp%2Fv2%2Ftags&post=10138"}],"curies":[{"name":"wp","href":"https:\/\/api.w.org\/{rel}","templated":true}]}}