{"id":10144,"date":"2024-11-15T22:35:26","date_gmt":"2024-11-15T21:35:26","guid":{"rendered":"https:\/\/pasaenmendoza.com\/?p=10144"},"modified":"2024-11-15T22:35:27","modified_gmt":"2024-11-15T21:35:27","slug":"mema-reemplazo-a-cornejo-en-una-cumbre-de-gobernadores-para-pelear-por-el-presupuesto-nacional","status":"publish","type":"post","link":"https:\/\/pasaenmendoza.com\/?p=10144","title":{"rendered":"Mema reemplaz\u00f3 a Cornejo en una cumbre de gobernadores para pelear por el presupuesto nacional"},"content":{"rendered":"\n<p>Mientras el tratamiento del proyecto de\u00a0<strong>Presupuesto\u00a02025\u00a0<\/strong>est\u00e1 trabado en comisiones, gobernadores de todos los sectores pol\u00edticos se reunieron en el Consejo Federal de Inversiones. Por Mendoza y de manera virtual, particip\u00f3 el ministro de Gobierno<strong>\u00a0Natalio Mema<\/strong>.<\/p>\n\n\n\n<p>Participantes del encuentro no hicieron declaraciones p\u00fablicas respecto de una posible postura com\u00fan de las\u00a0<strong>provincias\u00a0<\/strong>ante el proyecto y coincidieron en que no se lleg\u00f3 a nada concreto. De todas maneras,\u00a0ya el gobernador Cornejo se hab\u00eda reunido de manera directa con el presidente Javier Milei para discutir el proyecto hace 10 d\u00edas.<\/p>\n\n\n\n<p>La participaci\u00f3n de&nbsp;<strong>Mema&nbsp;<\/strong>por Mendoza se dio porque, en principio, la reuni\u00f3n del CFI iba a tratar temas de infraestructura, aunque finalmente la pelea por el presupuesto acapar\u00f3 toda la discusi\u00f3n.<\/p>\n\n\n\n<p>Las provincias reiteraron&nbsp;<strong>reclamos sueltos por la coparticipaci\u00f3n de impuestos&nbsp;<\/strong>que hoy no son coparticipables, como por ejemplo el de los combustibles, un tributo por el que Cornejo protesta desde que la Naci\u00f3n dej\u00f3 de subsidiar el transporte del interior del pa\u00eds pero mantuvo el del AMBA.<\/p>\n\n\n\n<h2 class=\"wp-block-heading\">Qu\u00e9 pidieron los gobernadores en medio de la discusi\u00f3n por el presupuesto<\/h2>\n\n\n\n<p>Parte de lo que se pidi\u00f3 en la reuni\u00f3n del jueves fue que, si no se va a\u00a0eliminar el<strong>\u00a0impuesto a los combustibles\u00a0<\/strong>(para el que incluso est\u00e1 prevista una suba para el a\u00f1o pr\u00f3ximo), s\u00ed se eliminen las afectaciones espec\u00edficas dado que no se terminan cumpliendo. Y que esos fondos, entonces, se coparticipen entre las provincias.<\/p>\n\n\n\n<p>El financiamiento para<strong>&nbsp;obras p\u00fablicas<\/strong>&nbsp;o el traspaso de las mismas a las provincias gan\u00f3 tiempo en la discusi\u00f3n, en tanto que hubo provincias que reiteraron su reclamo por las deudas por las cajas previsionales<\/p>\n\n\n\n<p>Tanto Mendoza como el resto de las provincias insistieron adem\u00e1s en el cumplimiento del\u00a0<strong>consenso fiscal de 2017<\/strong>.<\/p>\n\n\n\n<p>En este punto, la postura de la Provincia es firme desde hace tiempo y es por ello que los\u00a0<strong>cr\u00e9ditos\u00a0<\/strong>que surgieron del incumplimiento por parte de la Naci\u00f3n quedar\u00e1n incluidas en el reciente\u00a0R\u00e9gimen de Extinci\u00f3n de Obligaciones Rec\u00edprocas creado por Javier Milei.<\/p>\n\n\n\n<p><strong>Fuente: www.diariouno.com.ar<\/strong><\/p>\n","protected":false},"excerpt":{"rendered":"<p>Mientras el tratamiento del proyecto de\u00a0Presupuesto\u00a02025\u00a0est\u00e1 trabado en comisiones, gobernadores de todos los sectores pol\u00edticos se reunieron en el Consejo Federal de Inversiones. Por Mendoza y de manera virtual, particip\u00f3 el ministro de Gobierno\u00a0Natalio Mema. Participantes del encuentro no hicieron declaraciones p\u00fablicas respecto de una posible postura com\u00fan de las\u00a0provincias\u00a0ante el proyecto y coincidieron en [&hellip;]<\/p>\n","protected":false},"author":2,"featured_media":10145,"comment_status":"open","ping_status":"open","sticky":false,"template":"","format":"standard","meta":[],"categories":[47],"tags":[],"_links":{"self":[{"href":"https:\/\/pasaenmendoza.com\/index.php?rest_route=\/wp\/v2\/posts\/10144"}],"collection":[{"href":"https:\/\/pasaenmendoza.com\/index.php?rest_route=\/wp\/v2\/posts"}],"about":[{"href":"https:\/\/pasaenmendoza.com\/index.php?rest_route=\/wp\/v2\/types\/post"}],"author":[{"embeddable":true,"href":"https:\/\/pasaenmendoza.com\/index.php?rest_route=\/wp\/v2\/users\/2"}],"replies":[{"embeddable":true,"href":"https:\/\/pasaenmendoza.com\/index.php?rest_route=%2Fwp%2Fv2%2Fcomments&post=10144"}],"version-history":[{"count":1,"href":"https:\/\/pasaenmendoza.com\/index.php?rest_route=\/wp\/v2\/posts\/10144\/revisions"}],"predecessor-version":[{"id":10146,"href":"https:\/\/pasaenmendoza.com\/index.php?rest_route=\/wp\/v2\/posts\/10144\/revisions\/10146"}],"wp:featuredmedia":[{"embeddable":true,"href":"https:\/\/pasaenmendoza.com\/index.php?rest_route=\/wp\/v2\/media\/10145"}],"wp:attachment":[{"href":"https:\/\/pasaenmendoza.com\/index.php?rest_route=%2Fwp%2Fv2%2Fmedia&parent=10144"}],"wp:term":[{"taxonomy":"category","embeddable":true,"href":"https:\/\/pasaenmendoza.com\/index.php?rest_route=%2Fwp%2Fv2%2Fcategories&post=10144"},{"taxonomy":"post_tag","embeddable":true,"href":"https:\/\/pasaenmendoza.com\/index.php?rest_route=%2Fwp%2Fv2%2Ftags&post=10144"}],"curies":[{"name":"wp","href":"https:\/\/api.w.org\/{rel}","templated":true}]}}