{"id":10147,"date":"2024-11-15T22:39:06","date_gmt":"2024-11-15T21:39:06","guid":{"rendered":"https:\/\/pasaenmendoza.com\/?p=10147"},"modified":"2024-11-15T22:39:07","modified_gmt":"2024-11-15T21:39:07","slug":"expectativa-por-el-movimiento-turistico-en-el-ultimo-fin-de-semana-largo-del-ano","status":"publish","type":"post","link":"https:\/\/pasaenmendoza.com\/?p=10147","title":{"rendered":"Expectativa por el movimiento tur\u00edstico en el \u00faltimo fin de semana largo del a\u00f1o"},"content":{"rendered":"\n<p>Este fin de semana es largo por el&nbsp;<strong>D\u00eda de la Soberan\u00eda Nacional&nbsp;<\/strong>y son tres d\u00edas no laborales que implican una oportunidad para el sector tur\u00edstico de Mendoza. Seg\u00fan el relevamento efectuado por el Emetur el porcentaje de ocupaci\u00f3n promedio para Mendoza es el 75%. En la ciudad es un poco m\u00e1s alto del 80%<\/p>\n\n\n\n<p>Por otro lado, el \u00faltimo relevamiento realizado por la<strong>&nbsp;C\u00e1mara de Turismo de Mendoza&nbsp;<\/strong>arroj\u00f3 que la actividad ser\u00e1 moderada&nbsp;<strong>y el fuerte estar\u00e1 puesto en los hoteles de 4 y de 5 estrellas&nbsp;<\/strong>para un sector de mayor poder adquisitivo y extranjeros.<\/p>\n\n\n\n<p>A las puertas de un nuevo fin de semana largo, el titular de la C\u00e1mara Hotelera de Mendoza Ricardo Beccacesi afirm\u00f3 que el \u00faltimo sondeo que se hizo este jueves en la ma\u00f1ana dej\u00f3 como resultado un comportamiento dispar en las reservaciones en hoteles. La menor demanda se ubica en los servicios de 2 y 3 estrellas que rondan entre el 20 y el 30%.<\/p>\n\n\n\n<p>Mientras que para las 4 y las 5 estrellas, el n\u00famero se recupera con un promedio del 40% y el 50% que est\u00e1 liderado por visitantes del pa\u00eds con mayor capacidad de gasto y el turismo extranjero, con los brasile\u00f1os a la cabeza y chilenos en menor medida.<\/p>\n\n\n\n<h2 class=\"wp-block-heading\">Comparaci\u00f3n con a\u00f1os anteriores<\/h2>\n\n\n\n<p>Es dif\u00edcil comparar los n\u00fameros con los del 2023, ya que el a\u00f1o pasado, si bien el 20 de noviembre fue lunes, el domingo 19 se realiz\u00f3 el&nbsp;<strong>balotaje presidencial,<\/strong>&nbsp;en nuestro pa\u00eds. Esto hizo que muchos de los que podr\u00edan haber viajado, no lo hicieran, para cumplir con su deber c\u00edvico.<\/p>\n\n\n\n<p>Por ese motivo, el promedio provincial, para el mismo fin de semana de 2023, fue de 64%.<\/p>\n\n\n\n<p>La presidenta del&nbsp;<strong>Emetur, Gabriela Testa,<\/strong>&nbsp;coment\u00f3 que \u201cen 2022, la ocupaci\u00f3n ascendi\u00f3 al&nbsp;<strong>85%,&nbsp;<\/strong>n\u00famero que probablemente se alcance este a\u00f1o, cuando se consolide el n\u00famero de turistas que lleguen a Mendoza, durante el pr\u00f3ximo fin de semana XL\u201d.<\/p>\n\n\n\n<p>\u201cTeniendo en cuenta que es el \u00faltimo fin de semana largo del a\u00f1o, que falta un tiempo para el comienzo de la temporada de vacaciones de verano y, fundamentalmente, que la toma de la decisi\u00f3n del viajes es cada vez m\u00e1s cercana a la fecha, es probable que lleguemos al porcentaje de ocupaci\u00f3n de 2022\u201d, agreg\u00f3 la funcionaria.<\/p>\n\n\n\n<h2 class=\"wp-block-heading\"><strong>El gasto promedio va desde los $80.000 a los $200.000<\/strong><\/h2>\n\n\n\n<p>Otro de los datos econ\u00f3micos de la actividad tur\u00edstica para este fin de semana largo es el gasto promedio por persona y por d\u00eda en Mendoza, lo que est\u00e1 directamente vinculado al tipo de hotel.<\/p>\n\n\n\n<p>Para aquellos que visitan<strong>&nbsp;hoteles de 2 y 3 estrellas<\/strong>, se estima que se necesitan $80.000 diarios. Mientras que para un servicio de 4 estrellas el valor asciende a $150.000 y para los de mayor categor\u00eda $200.000.<\/p>\n\n\n\n<p>Pese a las reservas moderadas,<strong>\u00a0el sector tiene la expectativa de que la ocupaci\u00f3n hotelera se consolide en el 60%.<\/strong><\/p>\n\n\n\n<h2 class=\"wp-block-heading\">Qu\u00e9 feriados quedan en 2024<\/h2>\n\n\n\n<p>Una vez que transcurra el feriado del 18 de noviembre, diciembre presentar\u00e1 dos d\u00edas de descanso:&nbsp;<strong>el 8 de diciembre&nbsp;<\/strong>y el&nbsp;<strong>25<\/strong>, cuando se celebra la&nbsp;<strong>Navidad.<\/strong><\/p>\n\n\n\n<p>La primera fecha corresponde al D\u00eda de la Inmaculada Concepci\u00f3n de Mar\u00eda, de car\u00e1cter religioso, incorporado al calendario oficial de la Argentina como feriado inamovible. Cabe destacar que no conformar\u00e1 un fin de semana XL, ya que va a caer domingo.<\/p>\n\n\n\n<p>Por \u00faltimo, la fiesta de la Navidad, que tiene su origen en la celebraci\u00f3n del nacimiento de Cristo, empieza a celebrarse en la v\u00edspera, pero ser\u00e1 feriado el 25 de diciembre, que en 2024 ser\u00e1 mi\u00e9rcoles.<\/p>\n\n\n\n<h2 class=\"wp-block-heading\"><strong>Pocas reservas para la temporada de verano<\/strong><\/h2>\n\n\n\n<p>A dos meses del inicio de la temporada alta, el sector hotelero reconoci\u00f3 que el nivel de reservaciones viene lento y nuevamente a pesar de ser el fuerte por la temporada de vacaciones y la \u00e9poca de la Vendimia se espera que tenga los valores promedios.<\/p>\n\n\n\n<p>&#8220;Lo que vemos es que hay consultas pero pocas concreciones. Todo esto responde a la crisis econ\u00f3mica y esperamos que pueda recuperarse m\u00e1s cerca de los meses del verano&#8221; dese\u00f3 el empresario hotelero.<\/p>\n\n\n\n<p><strong>Fuente: www.diariouno.com.ar<\/strong><\/p>\n","protected":false},"excerpt":{"rendered":"<p>Este fin de semana es largo por el&nbsp;D\u00eda de la Soberan\u00eda Nacional&nbsp;y son tres d\u00edas no laborales que implican una oportunidad para el sector tur\u00edstico de Mendoza. Seg\u00fan el relevamento efectuado por el Emetur el porcentaje de ocupaci\u00f3n promedio para Mendoza es el 75%. En la ciudad es un poco m\u00e1s alto del 80% Por [&hellip;]<\/p>\n","protected":false},"author":2,"featured_media":10148,"comment_status":"open","ping_status":"open","sticky":false,"template":"","format":"standard","meta":[],"categories":[64],"tags":[],"_links":{"self":[{"href":"https:\/\/pasaenmendoza.com\/index.php?rest_route=\/wp\/v2\/posts\/10147"}],"collection":[{"href":"https:\/\/pasaenmendoza.com\/index.php?rest_route=\/wp\/v2\/posts"}],"about":[{"href":"https:\/\/pasaenmendoza.com\/index.php?rest_route=\/wp\/v2\/types\/post"}],"author":[{"embeddable":true,"href":"https:\/\/pasaenmendoza.com\/index.php?rest_route=\/wp\/v2\/users\/2"}],"replies":[{"embeddable":true,"href":"https:\/\/pasaenmendoza.com\/index.php?rest_route=%2Fwp%2Fv2%2Fcomments&post=10147"}],"version-history":[{"count":1,"href":"https:\/\/pasaenmendoza.com\/index.php?rest_route=\/wp\/v2\/posts\/10147\/revisions"}],"predecessor-version":[{"id":10149,"href":"https:\/\/pasaenmendoza.com\/index.php?rest_route=\/wp\/v2\/posts\/10147\/revisions\/10149"}],"wp:featuredmedia":[{"embeddable":true,"href":"https:\/\/pasaenmendoza.com\/index.php?rest_route=\/wp\/v2\/media\/10148"}],"wp:attachment":[{"href":"https:\/\/pasaenmendoza.com\/index.php?rest_route=%2Fwp%2Fv2%2Fmedia&parent=10147"}],"wp:term":[{"taxonomy":"category","embeddable":true,"href":"https:\/\/pasaenmendoza.com\/index.php?rest_route=%2Fwp%2Fv2%2Fcategories&post=10147"},{"taxonomy":"post_tag","embeddable":true,"href":"https:\/\/pasaenmendoza.com\/index.php?rest_route=%2Fwp%2Fv2%2Ftags&post=10147"}],"curies":[{"name":"wp","href":"https:\/\/api.w.org\/{rel}","templated":true}]}}