{"id":10157,"date":"2024-11-19T21:06:38","date_gmt":"2024-11-19T20:06:38","guid":{"rendered":"https:\/\/pasaenmendoza.com\/?p=10157"},"modified":"2024-11-19T21:06:39","modified_gmt":"2024-11-19T20:06:39","slug":"impulsado-por-ulpiano-suarez-el-silencio-administrativo-positivo-tuvo-su-estreno-con-una-tienda-de-ropa","status":"publish","type":"post","link":"https:\/\/pasaenmendoza.com\/?p=10157","title":{"rendered":"Impulsado por Ulpiano Suarez, el &#8220;silencio administrativo positivo&#8221; tuvo su estreno con una tienda de ropa"},"content":{"rendered":"\n<p>La Ciudad de Mendoza estren\u00f3 el\u00a0<strong>\u201csilencio administrativo positivo\u201d<\/strong>, la medida implementada por el intendente\u00a0<strong>Ulpiano Suarez<\/strong>\u00a0para que las habilitaciones comerciales se obtengan en el plazo de 24 horas h\u00e1biles.<\/p>\n\n\n\n<p>Esta nueva disposici\u00f3n, en l\u00ednea con las nuevas reformas a la Ley Nacional de Procedimiento Administrativo impulsada por el ministro de Desregulaci\u00f3n y Transformaci\u00f3n del Estado de la Naci\u00f3n Argentina,<strong>&nbsp;Federico Sturzenegger,&nbsp;<\/strong>modifica los efectos de la inactividad de la administraci\u00f3n en favor del comerciante.<\/p>\n\n\n\n<p>Desde la comuna citadina explicaron que el objetivo es &#8220;seguir modernizando la administraci\u00f3n p\u00fablica municipal y\u00a0<strong>generar un entorno m\u00e1s favorable para el desarrollo econ\u00f3mico&#8221;.<\/strong><\/p>\n\n\n\n<h2 class=\"wp-block-heading\">De demoras de tres y cuatro meses a s\u00f3lo 24 horas<\/h2>\n\n\n\n<p>El primer comercio en conseguir el beneficio de esta modalidad fue&nbsp;<strong>la sucursal de la marca de ropa Pampero,<\/strong>&nbsp;que abri\u00f3 en calle San Mart\u00edn al 400. Yamila Meljim, secretaria de Desarrollo Econ\u00f3mico; junto a Pablo Lev\u00edn, subsecretario de Desarrollo Comercial y Jorge N\u00fa\u00f1ez, subdirector de Comercio, visitaron y recorrieron el local comercial junto a sus propietarios, Gustavo Nievas y Sabrina Incerti.<\/p>\n\n\n\n<p>\u201cHicimos el tr\u00e1mite de habilitaci\u00f3n muy r\u00e1pido,&nbsp;<strong>en 24 horas<\/strong>. El equipo municipal nos ayud\u00f3 much\u00edsimo, vinieron a vernos y nos dieron una mano grande en la carga de la documentaci\u00f3n. Estamos muy agradecidos de que nos hayan dado la habilitaci\u00f3n en 24 horas, porque<strong>&nbsp;en otros departamentos nos han demorado entre tres y cuatro meses<\/strong>\u201d, manifest\u00f3 Sabrina, due\u00f1a del local.<\/p>\n\n\n\n<p>\u201cEstamos muy contentos de poder abrir\u00a0<strong>nuestra primera sucursal en la Ciudad, ten\u00edamos muchas ganas de estar ac\u00e1<\/strong>. Pampero presenta l\u00edneas de ropa para la industria, el campo y tambi\u00e9n urbana, para todas las edades. Invitamos a todos a conocer nuestro local,\u00a0<strong>vamos a utilizar la modalidad del horario corrido<\/strong>, de 9 a 17\u201d, finaliz\u00f3.<\/p>\n\n\n\n<p>Las personas interesadas en realizar el\u00a0<strong>tr\u00e1mite de la habilitaci\u00f3n comercio online<\/strong>, deber\u00e1n ingresar en la p\u00e1gina de la\u00a0Municipalidad.<\/p>\n\n\n\n<p>Luego, el tr\u00e1mite se podr\u00e1 realizar en dos pasos:<\/p>\n\n\n\n<ul>\n<li>Creaci\u00f3n de Usuario<\/li>\n\n\n\n<li>Carga de documentaci\u00f3n (del presentante, del inmueble y del local comercial).<\/li>\n<\/ul>\n\n\n\n<p>Posteriormente se realizar\u00e1 el&nbsp;<strong>control de la documentaci\u00f3n<\/strong>&nbsp;por parte del municipio.<\/p>\n\n\n\n<p>De esta manera, la Ciudad propicia&nbsp;<strong>la incorporaci\u00f3n de una herramienta m\u00e1s para el vecino<\/strong>&nbsp;que quiera habilitar un comercio, permitiendo dar inicio al tr\u00e1mite de manera online, a fin de obtener la habilitaci\u00f3n precaria y cuenta transitoria de comercio, hasta la conclusi\u00f3n de los tr\u00e1mites previstos en el decreto N\u00b0 557\/18 y dem\u00e1s normativa que regula los requisitos y pasos.<\/p>\n\n\n\n<p>Esta medida se suma al<strong>\u00a0programa de revitalizaci\u00f3n de galer\u00edas<\/strong>, que incluye aportes no reembolsables por un total de $150 millones con los que la comuna impulsa la inversi\u00f3n en las galer\u00edas y paseos comerciales de la Ciudad.<\/p>\n\n\n\n<p><strong>Fuente: www.diariouno.com.ar<\/strong><\/p>\n","protected":false},"excerpt":{"rendered":"<p>La Ciudad de Mendoza estren\u00f3 el\u00a0\u201csilencio administrativo positivo\u201d, la medida implementada por el intendente\u00a0Ulpiano Suarez\u00a0para que las habilitaciones comerciales se obtengan en el plazo de 24 horas h\u00e1biles. Esta nueva disposici\u00f3n, en l\u00ednea con las nuevas reformas a la Ley Nacional de Procedimiento Administrativo impulsada por el ministro de Desregulaci\u00f3n y Transformaci\u00f3n del Estado de [&hellip;]<\/p>\n","protected":false},"author":2,"featured_media":10158,"comment_status":"open","ping_status":"open","sticky":false,"template":"","format":"standard","meta":[],"categories":[112],"tags":[],"_links":{"self":[{"href":"https:\/\/pasaenmendoza.com\/index.php?rest_route=\/wp\/v2\/posts\/10157"}],"collection":[{"href":"https:\/\/pasaenmendoza.com\/index.php?rest_route=\/wp\/v2\/posts"}],"about":[{"href":"https:\/\/pasaenmendoza.com\/index.php?rest_route=\/wp\/v2\/types\/post"}],"author":[{"embeddable":true,"href":"https:\/\/pasaenmendoza.com\/index.php?rest_route=\/wp\/v2\/users\/2"}],"replies":[{"embeddable":true,"href":"https:\/\/pasaenmendoza.com\/index.php?rest_route=%2Fwp%2Fv2%2Fcomments&post=10157"}],"version-history":[{"count":1,"href":"https:\/\/pasaenmendoza.com\/index.php?rest_route=\/wp\/v2\/posts\/10157\/revisions"}],"predecessor-version":[{"id":10159,"href":"https:\/\/pasaenmendoza.com\/index.php?rest_route=\/wp\/v2\/posts\/10157\/revisions\/10159"}],"wp:featuredmedia":[{"embeddable":true,"href":"https:\/\/pasaenmendoza.com\/index.php?rest_route=\/wp\/v2\/media\/10158"}],"wp:attachment":[{"href":"https:\/\/pasaenmendoza.com\/index.php?rest_route=%2Fwp%2Fv2%2Fmedia&parent=10157"}],"wp:term":[{"taxonomy":"category","embeddable":true,"href":"https:\/\/pasaenmendoza.com\/index.php?rest_route=%2Fwp%2Fv2%2Fcategories&post=10157"},{"taxonomy":"post_tag","embeddable":true,"href":"https:\/\/pasaenmendoza.com\/index.php?rest_route=%2Fwp%2Fv2%2Ftags&post=10157"}],"curies":[{"name":"wp","href":"https:\/\/api.w.org\/{rel}","templated":true}]}}