{"id":10160,"date":"2024-11-19T21:12:24","date_gmt":"2024-11-19T20:12:24","guid":{"rendered":"https:\/\/pasaenmendoza.com\/?p=10160"},"modified":"2024-11-19T21:12:25","modified_gmt":"2024-11-19T20:12:25","slug":"los-bomberos-voluntarios-de-las-heras-fueron-amenazados-de-muerte-por-delincuentes","status":"publish","type":"post","link":"https:\/\/pasaenmendoza.com\/?p=10160","title":{"rendered":"Los Bomberos Voluntarios de Las Heras fueron amenazados de muerte por delincuentes"},"content":{"rendered":"\n<p>Los\u00a0<strong>Bomberos Voluntarios<\/strong>\u00a0de\u00a0<strong>Las Heras\u00a0<\/strong>fueron\u00a0<strong>amenazados de muerte<\/strong>\u00a0luego de atrapar a un delincuente que entr\u00f3 al cuartel durante la noche del lunes. Tras los llamados que recibieron con las amenazas, se atrincheraron y quedaron fuera de servicio porque ten\u00edan miedo de salir y ser atacados. Hace solo 19 d\u00edas sufrieron un robo mientras dorm\u00edan. Reclamaron\u00a0<strong>seguridad\u00a0<\/strong>para poder trabajar o de lo contrario deber\u00e1n cerrar.<\/p>\n\n\n\n<p><strong>Roberto Pe\u00f1a<\/strong>, jefe de\u00a0<strong>Bomberos Voluntarios de Las Heras<\/strong>, cont\u00f3 &#8220;Despu\u00e9s de haber denunciado infinidad de veces los robos y las entradas que hicieron delincuentes, anoche los chicos que estaban de guardia sorprendieron a dos de los que se meten al cuartel. Uno escap\u00f3 y al otro\u00a0<strong>lo detuvieron<\/strong>. Hubo una situaci\u00f3n violenta porque era bastante agresivo el hombre, estaba con un cuchillo y los amenaz\u00f3, pero lo atraparon. Lleg\u00f3 la Polic\u00eda, se lo llevaron, pero nos dijeron que como no hab\u00eda violentado nada, no hab\u00eda roto nada, y no se llev\u00f3 nada, lo iban a\u00a0<strong>tener que largar<\/strong>. Quedaba detenido solamente por averiguaci\u00f3n de antecedentes&#8221;.<\/p>\n\n\n\n<p>Al rato que se llevaron detenido al sospechoso, el tel\u00e9fono del cuartel de&nbsp;<strong>Las Heras<\/strong>&nbsp;son\u00f3 y cuando atendieron recibieron&nbsp;<strong>amenazas de muerte<\/strong>.<\/p>\n\n\n\n<p>&#8220;Esta situaci\u00f3n tiene que tener un l\u00edmite, alguien nos tiene que ayudar, tenemos miedo. Anoche cerramos los portones y nos quedamos atrincherados porque nos hab\u00edan amenazado de muerte. Es una situaci\u00f3n desesperante, hay mujeres bomberos que tuvimos que llevarlas a sus casas porque estaban asustad\u00edsimas. Venimos&nbsp;<strong>denunciando&nbsp;<\/strong>esto hace a\u00f1os, no es de ahora&#8221;, sostuvo Pe\u00f1a.<\/p>\n\n\n\n<p>Agreg\u00f3: &#8220;No s\u00e9 qu\u00e9 vamos a hacer esta noche. Cerraremos el cuartel nuevamente y&nbsp;<strong>no prestaremos servicio&nbsp;<\/strong>como anoche que le avisamos al&nbsp;<strong>Ministerio de Seguridad<\/strong>&nbsp;a trav\u00e9s del Centro estrat\u00e9gico de operaciones (CEO) que el cuartel sal\u00eda de servicio por&nbsp;<strong>falta de seguridad<\/strong>&#8220;.<\/p>\n\n\n\n<h2 class=\"wp-block-heading\">Situaci\u00f3n cr\u00edtica de los Bomberos Voluntarios de Las Heras<\/h2>\n\n\n\n<p>Pe\u00f1a explic\u00f3 que tienen un problema con el terreno de al lado de su predio que corresponde a la<strong>&nbsp;Base C\u00f3ndor<\/strong>&nbsp;del Ministerio de Seguridad: &#8220;Tiene \u00e1rboles muy frondosos y estos tipos -por los delincuentes-&nbsp;<strong>est\u00e1n todo el d\u00eda ah\u00ed acovachados, adentro de la misma Base C\u00f3ndor<\/strong>&#8220;, donde funcionan las unidades especiales de la Polic\u00eda.<\/p>\n\n\n\n<p>&#8220;Ayer a la tarde sorprendimos a uno y lo echamos, pero esta situaci\u00f3n ya\u00a0<strong>no se soporta m\u00e1s<\/strong>. Hay que cortar esos \u00e1rboles, limpiar el lugar, iluminar esa zona. No s\u00e9 de qu\u00e9 forma nos pueden ayudar. Vamos a tener que cerrar el cuartel de\u00a0<strong>Bomberos Voluntarios<\/strong>\u00a0por los robos. Es una verg\u00fcenza&#8221;, expres\u00f3 indignado el jefe del cuartel de\u00a0<strong>Las Heras<\/strong>.<\/p>\n\n\n\n<p>&#8220;Nosotros nos capacitamos, ponemos la voluntad y todo, pero no sabemos qu\u00e9 m\u00e1s hacer&#8221;, insisti\u00f3 Pe\u00f1a; y agreg\u00f3 que hace m\u00e1s de 20 a\u00f1os que est\u00e1n all\u00ed.<\/p>\n\n\n\n<p>&#8220;Este a\u00f1o llevamos entre 8 o 9 denuncias, pero nunca hay un resultado de nada, y ahora que nosotros logramos atrapar a un tipo ah\u00ed adentro nos enteramos de que lo largan porque no lo pueden acusar de nada debido a que no rompi\u00f3 nada ni se llev\u00f3 nada en ese momento&#8221; (Pe\u00f1a).<\/p>\n\n\n\n<p>El 1 de noviembre cuatro bomberos del cuartel de&nbsp;<strong>Las Heras<\/strong>&nbsp;fueron v\u00edctimas de un robo cuando dorm\u00edan. Delincuentes entraron y les robaron hasta las&nbsp;<strong>billeteras y celulares<\/strong>&nbsp;que ten\u00edan en su ropa sin que nadie escuchara nada. Se dieron cuenta del hecho al despertar y creen que fueron dormidos con algo.<\/p>\n\n\n\n<p><strong>Fuente: www.diariouno.com.ar<\/strong><\/p>\n","protected":false},"excerpt":{"rendered":"<p>Los\u00a0Bomberos Voluntarios\u00a0de\u00a0Las Heras\u00a0fueron\u00a0amenazados de muerte\u00a0luego de atrapar a un delincuente que entr\u00f3 al cuartel durante la noche del lunes. Tras los llamados que recibieron con las amenazas, se atrincheraron y quedaron fuera de servicio porque ten\u00edan miedo de salir y ser atacados. Hace solo 19 d\u00edas sufrieron un robo mientras dorm\u00edan. Reclamaron\u00a0seguridad\u00a0para poder trabajar o [&hellip;]<\/p>\n","protected":false},"author":2,"featured_media":10161,"comment_status":"open","ping_status":"open","sticky":false,"template":"","format":"standard","meta":[],"categories":[50],"tags":[],"_links":{"self":[{"href":"https:\/\/pasaenmendoza.com\/index.php?rest_route=\/wp\/v2\/posts\/10160"}],"collection":[{"href":"https:\/\/pasaenmendoza.com\/index.php?rest_route=\/wp\/v2\/posts"}],"about":[{"href":"https:\/\/pasaenmendoza.com\/index.php?rest_route=\/wp\/v2\/types\/post"}],"author":[{"embeddable":true,"href":"https:\/\/pasaenmendoza.com\/index.php?rest_route=\/wp\/v2\/users\/2"}],"replies":[{"embeddable":true,"href":"https:\/\/pasaenmendoza.com\/index.php?rest_route=%2Fwp%2Fv2%2Fcomments&post=10160"}],"version-history":[{"count":1,"href":"https:\/\/pasaenmendoza.com\/index.php?rest_route=\/wp\/v2\/posts\/10160\/revisions"}],"predecessor-version":[{"id":10162,"href":"https:\/\/pasaenmendoza.com\/index.php?rest_route=\/wp\/v2\/posts\/10160\/revisions\/10162"}],"wp:featuredmedia":[{"embeddable":true,"href":"https:\/\/pasaenmendoza.com\/index.php?rest_route=\/wp\/v2\/media\/10161"}],"wp:attachment":[{"href":"https:\/\/pasaenmendoza.com\/index.php?rest_route=%2Fwp%2Fv2%2Fmedia&parent=10160"}],"wp:term":[{"taxonomy":"category","embeddable":true,"href":"https:\/\/pasaenmendoza.com\/index.php?rest_route=%2Fwp%2Fv2%2Fcategories&post=10160"},{"taxonomy":"post_tag","embeddable":true,"href":"https:\/\/pasaenmendoza.com\/index.php?rest_route=%2Fwp%2Fv2%2Ftags&post=10160"}],"curies":[{"name":"wp","href":"https:\/\/api.w.org\/{rel}","templated":true}]}}