{"id":10166,"date":"2024-11-19T21:22:32","date_gmt":"2024-11-19T20:22:32","guid":{"rendered":"https:\/\/pasaenmendoza.com\/?p=10166"},"modified":"2024-11-19T21:22:33","modified_gmt":"2024-11-19T20:22:33","slug":"diputado-libertario-mendocino-presento-un-proyecto-para-prohibir-el-cambio-de-genero-hasta-los-18-anos","status":"publish","type":"post","link":"https:\/\/pasaenmendoza.com\/?p=10166","title":{"rendered":"Diputado libertario mendocino present\u00f3 un proyecto para prohibir el cambio de g\u00e9nero hasta los 18 a\u00f1os"},"content":{"rendered":"\n<p>El diputado nacional de<strong>\u00a0La Libertad Avanza<\/strong>,\u00a0\u00c1lvaro Mart\u00ednez, present\u00f3 este lunes en el Congreso un proyecto de ley para\u00a0<strong>prohibir a los menores de 18 a\u00f1os el cambio de g\u00e9nero<\/strong>. Adem\u00e1s, busca que las personas condenadas con sentencia firme tampoco puedan hacerlo hasta que hayan cumplido con la pena impuesta por la Justicia.<\/p>\n\n\n\n<p>&#8220;Lo que queremos con este proyecto es\u00a0<strong>evitar, en la medida de lo posible, que un padre, o un mayor de edad a cargo de un ni\u00f1o, pueda condicionar o influirlo para que cambien de g\u00e9nero&#8221;,<\/strong>\u00a0asegur\u00f3 Mart\u00ednez.<\/p>\n\n\n\n<p>Actualmente, seg\u00fan el art\u00edculo 5 de la<strong>\u00a0Ley de Identidad de G\u00e9nero,<\/strong>\u00a0un menor de 18 a\u00f1os est\u00e1 habilitado a cambiar de g\u00e9nero de nacimiento con la\u00a0<strong>autorizaci\u00f3n de sus padres<\/strong>\u00a0o de su representante legal, y con el acompa\u00f1amiento de un abogado del ni\u00f1o. Para ello no necesita acreditar operaci\u00f3n de reasignaci\u00f3n genital total o parcial, ni acreditar terapias hormonales u otro tratamiento psicol\u00f3gico o m\u00e9dico.<\/p>\n\n\n\n<h2 class=\"wp-block-heading\">Mart\u00ednez quiere prohibir el cambio de g\u00e9nero para los condenados<\/h2>\n\n\n\n<p>El art\u00edculo 4 de la mencionada ley establece los requisitos para que una persona pueda acceder al cambio de g\u00e9nero:<\/p>\n\n\n\n<ul>\n<li><strong>Acreditar la edad m\u00ednima de 18 a\u00f1os<\/strong>, con&nbsp;<strong>excepci\u00f3n de lo establecido en el art\u00edculo 5<\/strong>&nbsp;de la presente ley. El diputado quiere modificarlo para que quede redactado: &#8220;Acreditar la edad m\u00ednima de dieciocho a\u00f1os&#8221;.<\/li>\n\n\n\n<li>Presentar ante el\u00a0<strong>Registro Nacional de las Personas<\/strong>\u00a0(Renaper), una solicitud manifestando encontrarse amparado por la presente ley, requiriendo la\u00a0<strong>rectificaci\u00f3n registral de la partida de nacimiento<\/strong>\u00a0y el\u00a0<strong>nuevo Documento Nacional de Identidad<\/strong>\u00a0correspondiente, conserv\u00e1ndose el n\u00famero original.<\/li>\n\n\n\n<li>Expresar el nuevo nombre de pila elegido con el que solicita inscribirse.<\/li>\n<\/ul>\n\n\n\n<p>A esos tres requisitos el legislador quiere agregarle un cuarto para que a la hora de solicitar el cambio de g\u00e9nero ante el Registro Nacional de las Personas (Renaper) la persona&nbsp;<strong>no est\u00e9 cumpliendo una condena con sentencia firme.<\/strong><\/p>\n\n\n\n<p>&#8220;En el caso de las personas imputadas en un proceso penal, la rectificaci\u00f3n registral quedar\u00e1 supeditada al momento del dictado de la sentencia. Para aquellos con una condena firme, deber\u00e1n cumplir la totalidad de la pena impuesta antes de poder acceder a la inscripci\u00f3n registral bajo su nuevo g\u00e9nero&#8221;, explic\u00f3 el diputado mendocino.<\/p>\n\n\n\n<p>Para Mart\u00ednez, la Ley de Identidad de G\u00e9nero es usada &#8220;para evadir la Justicia o crear confusi\u00f3n en las investigaciones y en la aplicaci\u00f3n y modo de ejecuci\u00f3n de la pena&#8221;.<\/p>\n\n\n\n<h2 class=\"wp-block-heading\">&#8220;Es un retroceso&#8221;, opin\u00f3 una acad\u00e9mica de pol\u00edticas de g\u00e9nero<\/h2>\n\n\n\n<p><strong>Mar\u00eda Bel\u00e9n Bobba<\/strong>, directora de G\u00e9nero de Mendoza y especialista en estudios de g\u00e9nero, concluy\u00f3 que las dos modificaciones representan &#8220;un\u00a0<strong>retroceso<\/strong>\u00a0a todas las conquistas que hemos logrado a lo largo de los a\u00f1os&#8221;.<\/p>\n\n\n\n<p>&#8220;La ley ayud\u00f3 a las personas que se identifican con un g\u00e9nero distinto al que les design\u00f3 al nacer. Adem\u00e1s, se pudo avanzar en entender que el g\u00e9nero es una construcci\u00f3n de las personas, que tiene que ver con el contexto, con la cultura, con la identidad, con un mont\u00f3n de otras cosas, que no solamente es lo biol\u00f3gico&#8221;, ampli\u00f3.<\/p>\n\n\n\n<p>La funcionaria, miembro del observatorio de Datos MuMaLa, afirm\u00f3 que el proceso de transici\u00f3n de g\u00e9nero inicia en la infancia.<\/p>\n\n\n\n<p>&#8220;La construcci\u00f3n de la identidad de un ni\u00f1o comienza desde una edad temprana. Si el Estado y las instituciones no reconocen que un ni\u00f1o est\u00e1 en proceso de transici\u00f3n y se identifica con un g\u00e9nero diferente al asignado al nacer, esto puede tener consecuencias grav\u00edsimas para su salud mental&#8221;, explic\u00f3.<\/p>\n\n\n\n<h2 class=\"wp-block-heading\">El caso de una condenada que cambio de g\u00e9nero para evitar la c\u00e1rcel<\/h2>\n\n\n\n<p>Gabriel Fern\u00e1ndez, as\u00ed fue registrado al ingresar a una c\u00e1rcel de&nbsp;<strong>C\u00f3rdoba,<\/strong>&nbsp;enfrent\u00f3 acusaciones de&nbsp;<strong>violencia de g\u00e9nero<\/strong>&nbsp;por parte de varias parejas. A la hora de evitar ser imputado por violencia de g\u00e9nero, explic\u00f3 a la Justicia Civil que se autopercib\u00eda mujer.<\/p>\n\n\n\n<p>Seg\u00fan explic\u00f3 Infobae, la ahora mujer transg\u00e9nero fue reconocida como tal, fue imputada y enviada a una c\u00e1rcel de mujeres, donde viol\u00f3 a una interna que qued\u00f3 embarazada.<\/p>\n\n\n\n<p><strong>&#8220;Nos encontramos ante un supuesto contrario al previsto, es decir, la imputada, quien se autopercibe mujer y perteneciente al grupo LGBTI, es la que convierte en v\u00edctimas o presas de sus necesidades o gustos a sus compa\u00f1eras, aprovechando, claro est\u00e1, que se encuentra alojada en un establecimiento que no estar\u00eda preparado para esos casos de excepci\u00f3n, al menos por el momento\u201d.<\/strong><\/p>\n\n\n\n<p>Esa declaraci\u00f3n la dieron los jueces de la C\u00e1mara de Acusaci\u00f3n de\u00a0<strong>C\u00f3rdoba<\/strong>, quienes finalmente ordenaron trasladar a Gabriela Fern\u00e1ndez a una\u00a0<strong>c\u00e1rcel donde no est\u00e9 en contacto ni con hombres ni mujeres.<\/strong><\/p>\n\n\n\n<p><strong>Fuente: www.diariouno.com.ar<\/strong><\/p>\n","protected":false},"excerpt":{"rendered":"<p>El diputado nacional de\u00a0La Libertad Avanza,\u00a0\u00c1lvaro Mart\u00ednez, present\u00f3 este lunes en el Congreso un proyecto de ley para\u00a0prohibir a los menores de 18 a\u00f1os el cambio de g\u00e9nero. Adem\u00e1s, busca que las personas condenadas con sentencia firme tampoco puedan hacerlo hasta que hayan cumplido con la pena impuesta por la Justicia. &#8220;Lo que queremos con [&hellip;]<\/p>\n","protected":false},"author":2,"featured_media":10167,"comment_status":"open","ping_status":"open","sticky":false,"template":"","format":"standard","meta":[],"categories":[47],"tags":[],"_links":{"self":[{"href":"https:\/\/pasaenmendoza.com\/index.php?rest_route=\/wp\/v2\/posts\/10166"}],"collection":[{"href":"https:\/\/pasaenmendoza.com\/index.php?rest_route=\/wp\/v2\/posts"}],"about":[{"href":"https:\/\/pasaenmendoza.com\/index.php?rest_route=\/wp\/v2\/types\/post"}],"author":[{"embeddable":true,"href":"https:\/\/pasaenmendoza.com\/index.php?rest_route=\/wp\/v2\/users\/2"}],"replies":[{"embeddable":true,"href":"https:\/\/pasaenmendoza.com\/index.php?rest_route=%2Fwp%2Fv2%2Fcomments&post=10166"}],"version-history":[{"count":1,"href":"https:\/\/pasaenmendoza.com\/index.php?rest_route=\/wp\/v2\/posts\/10166\/revisions"}],"predecessor-version":[{"id":10168,"href":"https:\/\/pasaenmendoza.com\/index.php?rest_route=\/wp\/v2\/posts\/10166\/revisions\/10168"}],"wp:featuredmedia":[{"embeddable":true,"href":"https:\/\/pasaenmendoza.com\/index.php?rest_route=\/wp\/v2\/media\/10167"}],"wp:attachment":[{"href":"https:\/\/pasaenmendoza.com\/index.php?rest_route=%2Fwp%2Fv2%2Fmedia&parent=10166"}],"wp:term":[{"taxonomy":"category","embeddable":true,"href":"https:\/\/pasaenmendoza.com\/index.php?rest_route=%2Fwp%2Fv2%2Fcategories&post=10166"},{"taxonomy":"post_tag","embeddable":true,"href":"https:\/\/pasaenmendoza.com\/index.php?rest_route=%2Fwp%2Fv2%2Ftags&post=10166"}],"curies":[{"name":"wp","href":"https:\/\/api.w.org\/{rel}","templated":true}]}}