{"id":10170,"date":"2024-11-19T22:21:33","date_gmt":"2024-11-19T21:21:33","guid":{"rendered":"https:\/\/pasaenmendoza.com\/?p=10170"},"modified":"2024-11-19T22:21:34","modified_gmt":"2024-11-19T21:21:34","slug":"una-chica-denuncio-que-su-expareja-la-amenazo-e-intento-golpearla-por-la-tenencia-de-la-hija","status":"publish","type":"post","link":"https:\/\/pasaenmendoza.com\/?p=10170","title":{"rendered":"Una chica denunci\u00f3 que su expareja la amenaz\u00f3 e intent\u00f3 golpearla por la tenencia de la hija"},"content":{"rendered":"\n<p>Una joven de 25 a\u00f1os denunci\u00f3 el \u00faltimo fin de semana que su ex pareja la&nbsp;<strong>amenaz\u00f3 e intent\u00f3 agredirla&nbsp;<\/strong>en su casa de&nbsp;<strong>Guaymall\u00e9n<\/strong>. Al parecer, todo ocurri\u00f3 en medio de una discusi\u00f3n por la tenencia de la hija que tienen en com\u00fan.<\/p>\n\n\n\n<p>Fuentes policiales indicaron que fue alrededor de las 19.20 cuando efectivos de la jurisdicci\u00f3n tomaron conocimiento sobre un caso de&nbsp;<strong>violencia de g\u00e9nero<\/strong>&nbsp;en un domicilio de<strong>&nbsp;calle Tupac Amaru<\/strong>, en&nbsp;<strong>Rodeo de la Cruz<\/strong>.<\/p>\n\n\n\n<p>Una vez en el lugar, entrevistaron a la v\u00edctima, quien les cont\u00f3 que su exnovio estuvo minutos atr\u00e1s en la vivienda, amenaz\u00e1ndola y hasta tratando de golpearla, ya que le\u00a0<strong>reclamaba la tutela de su hijita de 2 a\u00f1os<\/strong>.<\/p>\n\n\n\n<p>Frente a eso, por disposici\u00f3n de una ayudante fiscal de turno se dispuso que la muchacha radicara la denuncia en un\u00a0<strong>Juzgado de Familia<\/strong>\u00a0y colocarle rondines policiales a modo preventivo.<\/p>\n\n\n\n<p><strong>Fuente: www.elsol.com.ar<\/strong><\/p>\n","protected":false},"excerpt":{"rendered":"<p>Una joven de 25 a\u00f1os denunci\u00f3 el \u00faltimo fin de semana que su ex pareja la&nbsp;amenaz\u00f3 e intent\u00f3 agredirla&nbsp;en su casa de&nbsp;Guaymall\u00e9n. Al parecer, todo ocurri\u00f3 en medio de una discusi\u00f3n por la tenencia de la hija que tienen en com\u00fan. Fuentes policiales indicaron que fue alrededor de las 19.20 cuando efectivos de la jurisdicci\u00f3n [&hellip;]<\/p>\n","protected":false},"author":2,"featured_media":10171,"comment_status":"open","ping_status":"open","sticky":false,"template":"","format":"standard","meta":[],"categories":[48],"tags":[],"_links":{"self":[{"href":"https:\/\/pasaenmendoza.com\/index.php?rest_route=\/wp\/v2\/posts\/10170"}],"collection":[{"href":"https:\/\/pasaenmendoza.com\/index.php?rest_route=\/wp\/v2\/posts"}],"about":[{"href":"https:\/\/pasaenmendoza.com\/index.php?rest_route=\/wp\/v2\/types\/post"}],"author":[{"embeddable":true,"href":"https:\/\/pasaenmendoza.com\/index.php?rest_route=\/wp\/v2\/users\/2"}],"replies":[{"embeddable":true,"href":"https:\/\/pasaenmendoza.com\/index.php?rest_route=%2Fwp%2Fv2%2Fcomments&post=10170"}],"version-history":[{"count":1,"href":"https:\/\/pasaenmendoza.com\/index.php?rest_route=\/wp\/v2\/posts\/10170\/revisions"}],"predecessor-version":[{"id":10172,"href":"https:\/\/pasaenmendoza.com\/index.php?rest_route=\/wp\/v2\/posts\/10170\/revisions\/10172"}],"wp:featuredmedia":[{"embeddable":true,"href":"https:\/\/pasaenmendoza.com\/index.php?rest_route=\/wp\/v2\/media\/10171"}],"wp:attachment":[{"href":"https:\/\/pasaenmendoza.com\/index.php?rest_route=%2Fwp%2Fv2%2Fmedia&parent=10170"}],"wp:term":[{"taxonomy":"category","embeddable":true,"href":"https:\/\/pasaenmendoza.com\/index.php?rest_route=%2Fwp%2Fv2%2Fcategories&post=10170"},{"taxonomy":"post_tag","embeddable":true,"href":"https:\/\/pasaenmendoza.com\/index.php?rest_route=%2Fwp%2Fv2%2Ftags&post=10170"}],"curies":[{"name":"wp","href":"https:\/\/api.w.org\/{rel}","templated":true}]}}