{"id":10173,"date":"2024-11-19T22:27:38","date_gmt":"2024-11-19T21:27:38","guid":{"rendered":"https:\/\/pasaenmendoza.com\/?p=10173"},"modified":"2024-11-19T22:27:39","modified_gmt":"2024-11-19T21:27:39","slug":"condenaron-a-la-red-del-jefe-narco-el-boliviano-cesar-por-millonarios-casos-de-lavado","status":"publish","type":"post","link":"https:\/\/pasaenmendoza.com\/?p=10173","title":{"rendered":"Condenaron a la red del jefe narco el \u201cBoliviano C\u00e9sar\u201d por millonarios casos de lavado"},"content":{"rendered":"\n<p>Un golpe demoledor cay\u00f3 sobre una organizaci\u00f3n criminal dedicada al lavado de activos provenientes del narcotr\u00e1fico que oper\u00f3 en Mendoza desde hace muchos a\u00f1os. El juez Alberto Daniel Carelli, del Tribunal Oral en lo Criminal Federal N\u00b01, homolog\u00f3 un acuerdo entre las partes y conden\u00f3 luego de un juicio abreviado a los seis integrantes de una red liderada por&nbsp;<strong>Julio C\u00e9sar Alandi Tejerina&nbsp;<\/strong>(47), conocido como el<em>&nbsp;\u201cBoliviano C\u00e9sar\u201d,<\/em>&nbsp;luego de una instrucci\u00f3n que destap\u00f3 una compleja trama de operaciones ilegales provenientes de la comercializaci\u00f3n de estupefacientes.<\/p>\n\n\n\n<p>La sentencia permiti\u00f3 tambi\u00e9n el&nbsp;<mark>decomiso de un patrimonio valuado en m\u00e1s de 100 millones de pesos<\/mark>, exponiendo el entramado delictivo de la venta de estupefacientes que ten\u00eda como base principal el departamento de Guaymall\u00e9n.<\/p>\n\n\n\n<p>El cabecilla,\u00a0<strong>Alandi Tejerina<\/strong>, reconoci\u00f3 los hechos y recibi\u00f3 la condena m\u00e1s severa: 5 a\u00f1os y tres meses de prisi\u00f3n, una multa de 38 millones de pesos y la declaraci\u00f3n de reincidencia. Su historial criminal lo precede: ya hab\u00eda sido condenado en 2007 y 2015 por tr\u00e1fico de estupefacientes, y registraba antecedentes internacionales que lo se\u00f1alaban como un importante distribuidor de marihuana en Chile.<\/p>\n\n\n\n<p>En una de esas causas era\u00a0<em>\u201csocio\u201d\u00a0<\/em>de\u00a0<strong>Pablo Fabi\u00e1n Pe\u00f1a<\/strong>,\u00a0otro capo narco conocido como \u201c<em>Gringo<\/em>\u201d,\u00a0quien se encuentra en la c\u00e1rcel nuevamente como autor del asesinato del jubilado\u00a0<strong>Eduardo Bert\u00f3n<\/strong>, perpetrado el s\u00e1bado 10 de agosto en Maip\u00fa.<\/p>\n\n\n\n<p>En el mismo fallo, el camarista unific\u00f3 la pena con la previa que le hab\u00edan impuesto el a\u00f1o pasado por la tenencia de drogas con fines de comercializaci\u00f3n de m\u00e1s de 7 kilos de marihuana y casi un kilo y medio de coca\u00edna -6 a\u00f1os de prisi\u00f3n-, por lo que Alandi Tejerina, conocido en nuestra provincia como uno de los narcos de mayor poder gracias a sus contactos policiales y alcances en diversos puntos del pa\u00eds con pares dispuesto al tr\u00e1fico de sustancias ilegales en grandes cantidades,&nbsp;<strong>deber\u00e1 cumplir en situaci\u00f3n de encierro 7 a\u00f1os y medio de c\u00e1rcel sin posibilidad de acceso a beneficios.<\/strong><\/p>\n\n\n\n<p>Por la informaci\u00f3n a la que accedi\u00f3\u00a0<em><strong>El Sol<\/strong><\/em>, el<em>\u00a0Boliviano C\u00e9sar\u00a0<\/em>se encuentra en detenci\u00f3n domiciliaria desde m\u00e1s de un a\u00f1o porque su actual pareja presenta problemas psiqui\u00e1tricos y, adem\u00e1s, fue padre nuevamente.<\/p>\n\n\n\n<p>El golpe familiar no fue menor. Su hijo,&nbsp;<strong>C\u00e9sar Emanuel Alandi Jim\u00e9nez&nbsp;<\/strong>(23), tambi\u00e9n fue condenado a 2 a\u00f1os y 10 meses de prisi\u00f3n con una multa de 14 millones de pesos por su participaci\u00f3n en el lavado de activos. Su exmujer,&nbsp;<strong>Margarita Cristina Jim\u00e9nez Claros&nbsp;<\/strong>(48), fue sentenciada a 3 a\u00f1os de c\u00e1rcel por las operaciones de lavado en las que tom\u00f3 intervenci\u00f3n y recibi\u00f3 una sanci\u00f3n econ\u00f3mica de 8 millones de pesos.<\/p>\n\n\n\n<p>La investigaci\u00f3n, liderada por el fiscal federal Fernando Alcaraz revel\u00f3 una estrategia meticulosa de blanqueo de dinero. Entre 2017 y 2021, el grupo adquiri\u00f3 una importante cantidad de propiedades:\u00a0<strong>tres inmuebles (casas), once veh\u00edculos de alta gama -entre ellos una Land Rover y dos Toyota Hilux- y trece motocicletas de marcas premium como BMW y Yamaha.<\/strong><\/p>\n\n\n\n<p>El punto m\u00e1s emblem\u00e1tico de la instrucci\u00f3n y el fallo condenatorio fue el&nbsp;<strong>\u201cComplejo Sue\u00f1os Dorados\u201d,&nbsp;<\/strong>un proyecto inmobiliario ubicado en Los Corralitos, Guaymall\u00e9n, donde Alandi invirti\u00f3 cuantiosos recursos provenientes del narcotr\u00e1fico. El predio, inconcluso, se convirti\u00f3 en la prueba material de sus operaciones criminales. Contaba con un sal\u00f3n de fiestas y pileta y era alquilado por Alandi y su ex mujer.<\/p>\n\n\n\n<p>Pero la red iba m\u00e1s all\u00e1. Instalaron una peluquer\u00eda, una barber\u00eda bajo la raz\u00f3n social&nbsp;<em>\u201cEl Gordo Barber\u201d&nbsp;<\/em>en el barrio Sargento Cabral de Las Heras y una concesionaria de autom\u00f3viles en calle&nbsp;<strong>Servet de Guaymall\u00e9n<\/strong>, estructuras que funcionaban como pantalla perfecta para sus maniobras de lavado, se desprende de la causa investigada por Alcaraz.<\/p>\n\n\n\n<p>A modo de caso testigo, de la instrucci\u00f3n se desprendi\u00f3 que Alandi Tejerina, un hombre identificado como&nbsp;<strong>Miguel \u00c1ngel \u201cPuloto Rivero L\u00f3pez&nbsp;<\/strong>y su hijo adquirieron los automotores Toyota Hilux, Land Rover modelo Range Rover Evoque y un Volkswagen Scirocco 1.4 TSI DSG,&nbsp;<em>\u201cvali\u00e9ndose de la cobertura de la concesionaria\u201d&nbsp;<\/em>que hab\u00edan abierto con dinero de narcotr\u00e1fico.<\/p>\n\n\n\n<p>De igual manera, adquirieron el rodado Peugeot 208 GTI dominio NNT016 por un monto de $1.800.000, que fue secuestrado el 28 de diciembre del 2021 en el garaje del domicilio de calle Soler de Ciudad, donde habitaban C\u00e9sar Emanuel Alandi y su madre, Jim\u00e9nez Claros.<\/p>\n\n\n\n<p>Los otros condenados fueron el citado&nbsp;<strong>\u201c<em>Puloto<\/em>\u201d Rivero L\u00f3pez<\/strong>, un alba\u00f1il de 57 a\u00f1os que tambi\u00e9n administraba el \u201cComplejo Sue\u00f1os Dorados\u201d (3 a\u00f1os y multa de 33 millones de pesos); el vendedor de autos de 53 a\u00f1os&nbsp;<strong>Carlos Adri\u00e1n C\u00e1ceres Amarilla&nbsp;<\/strong>(3 a\u00f1os y multa de 6 millones de pesos) y&nbsp;<strong>Tal\u00eda Daniela Ver\u00f3nica Galv\u00e1n&nbsp;<\/strong>(de 28 a\u00f1os y pareja de \u201c<em>Puloto<\/em>\u201d), quien pact\u00f3 con el Ministerio P\u00fablico 2 a\u00f1os de prisi\u00f3n condicional, multa de 1,5 millones<\/p>\n\n\n\n<p>El decomiso fue contundente:\u00a0<strong>23 bienes incautados, incluyendo 8 autom\u00f3viles y 14 motocicletas, adem\u00e1s de dinero en efectivo<\/strong>. La investigaci\u00f3n, que cont\u00f3 con la colaboraci\u00f3n de la Unidad de Informaci\u00f3n Financiera y la Agencia de Administraci\u00f3n de Bienes del Estado, demostr\u00f3 el car\u00e1cter transnacional de la organizaci\u00f3n.<\/p>\n\n\n\n<p><strong>Fuente: www.elsol.com.ar<\/strong><\/p>\n","protected":false},"excerpt":{"rendered":"<p>Un golpe demoledor cay\u00f3 sobre una organizaci\u00f3n criminal dedicada al lavado de activos provenientes del narcotr\u00e1fico que oper\u00f3 en Mendoza desde hace muchos a\u00f1os. El juez Alberto Daniel Carelli, del Tribunal Oral en lo Criminal Federal N\u00b01, homolog\u00f3 un acuerdo entre las partes y conden\u00f3 luego de un juicio abreviado a los seis integrantes de [&hellip;]<\/p>\n","protected":false},"author":2,"featured_media":10174,"comment_status":"open","ping_status":"open","sticky":false,"template":"","format":"standard","meta":[],"categories":[48],"tags":[],"_links":{"self":[{"href":"https:\/\/pasaenmendoza.com\/index.php?rest_route=\/wp\/v2\/posts\/10173"}],"collection":[{"href":"https:\/\/pasaenmendoza.com\/index.php?rest_route=\/wp\/v2\/posts"}],"about":[{"href":"https:\/\/pasaenmendoza.com\/index.php?rest_route=\/wp\/v2\/types\/post"}],"author":[{"embeddable":true,"href":"https:\/\/pasaenmendoza.com\/index.php?rest_route=\/wp\/v2\/users\/2"}],"replies":[{"embeddable":true,"href":"https:\/\/pasaenmendoza.com\/index.php?rest_route=%2Fwp%2Fv2%2Fcomments&post=10173"}],"version-history":[{"count":1,"href":"https:\/\/pasaenmendoza.com\/index.php?rest_route=\/wp\/v2\/posts\/10173\/revisions"}],"predecessor-version":[{"id":10175,"href":"https:\/\/pasaenmendoza.com\/index.php?rest_route=\/wp\/v2\/posts\/10173\/revisions\/10175"}],"wp:featuredmedia":[{"embeddable":true,"href":"https:\/\/pasaenmendoza.com\/index.php?rest_route=\/wp\/v2\/media\/10174"}],"wp:attachment":[{"href":"https:\/\/pasaenmendoza.com\/index.php?rest_route=%2Fwp%2Fv2%2Fmedia&parent=10173"}],"wp:term":[{"taxonomy":"category","embeddable":true,"href":"https:\/\/pasaenmendoza.com\/index.php?rest_route=%2Fwp%2Fv2%2Fcategories&post=10173"},{"taxonomy":"post_tag","embeddable":true,"href":"https:\/\/pasaenmendoza.com\/index.php?rest_route=%2Fwp%2Fv2%2Ftags&post=10173"}],"curies":[{"name":"wp","href":"https:\/\/api.w.org\/{rel}","templated":true}]}}