{"id":10176,"date":"2024-11-19T22:30:54","date_gmt":"2024-11-19T21:30:54","guid":{"rendered":"https:\/\/pasaenmendoza.com\/?p=10176"},"modified":"2024-11-19T22:30:55","modified_gmt":"2024-11-19T21:30:55","slug":"murio-el-hombre-con-autismo-que-fue-baleado-por-su-madre-en-guaymallen","status":"publish","type":"post","link":"https:\/\/pasaenmendoza.com\/?p=10176","title":{"rendered":"Muri\u00f3 el hombre con autismo que fue baleado por su madre en Guaymall\u00e9n"},"content":{"rendered":"\n<p><strong>Vicente Eugenio Mazziotti\u00a0<\/strong>(52) muri\u00f3 en el\u00a0<strong>Hospital Central<\/strong>\u00a0casi tres semanas despu\u00e9s de haber sido\u00a0baleado por su madre en el domicilio que compart\u00edan en\u00a0<strong>Dorrego<\/strong>,\u00a0<strong>Guaymall\u00e9n<\/strong>.<\/p>\n\n\n\n<p>La v\u00edctima, quien presentaba<strong>&nbsp;trastorno del espectro autista<\/strong>&nbsp;(<strong>TEA<\/strong>), hab\u00eda recibido<strong>&nbsp;dos balazos en la sien y en elbadomen<\/strong>, respectivamente. Desde las horas posteriores a su internaci\u00f3n, su cuadro se complic\u00f3 y agoniz\u00f3 durante varios d\u00edas hasta su fallecimiento, la semana pasada.<\/p>\n\n\n\n<p>Por su parte, la progenitora,\u00a0<strong>Mirta Greco\u00a0<\/strong>(82), permanec\u00eda con detenci\u00f3n domiciliaria luego de ser acusada por el delito homicidio agravado por el v\u00ednculo y el uso de arma de fuego en grado de tentativa por el\u00a0<strong>fiscal de Homicidios Carlos Torres<\/strong>.<\/p>\n\n\n\n<p>A partir del deceso de Mazziotti, el representante del\u00a0<strong>Ministerio P\u00fablico Fiscal\u00a0<\/strong>(<strong>MPF<\/strong>) deber\u00e1 cambiar el avoque de imputaci\u00f3n por uno que refleje el hecho consumado, lo que complicar\u00e1 la situaci\u00f3n procesal de la octogenaria.<\/p>\n\n\n\n<p>El caso tuvo lugar alrededor de las 14 del mi\u00e9rcoles 30 de octubre cuando la mujer tom\u00f3 un<strong>&nbsp;rev\u00f3lver calibre 22<\/strong>, el cual pertenec\u00eda a su esposo fallecido, y le propin\u00f3 a su hijo dos disparos a corta distancia.<\/p>\n\n\n\n<p>Seg\u00fan lo que expres\u00f3 la propia jubilada, tom\u00f3 esa dr\u00e1stica decisi\u00f3n debido a que, por su edad, ya no se encontraba en condiciones de cuidar a su hijo, quien sufr\u00eda constantes brotes debido a su condici\u00f3n.<\/p>\n\n\n\n<p>En principio, la mujer fue detenida y sometida a diferentes an\u00e1lisis por parte de psiquiatras y psic\u00f3logos del&nbsp;<strong>Cuerpo M\u00e9dico Forense&nbsp;<\/strong>(<strong>CMF<\/strong>) para establecer que comprendiera la criminalidad de sus actos.<\/p>\n\n\n\n<p>Luego de descartar que la autora pudiese ser inimputable, el fiscal del caso la acus\u00f3 y le otorg\u00f3 el beneficio de la domiciliaria, a ra\u00edz de su avanzada edad.<\/p>\n\n\n\n<p><strong>Fuente: www.elsol.com.ar<\/strong><\/p>\n","protected":false},"excerpt":{"rendered":"<p>Vicente Eugenio Mazziotti\u00a0(52) muri\u00f3 en el\u00a0Hospital Central\u00a0casi tres semanas despu\u00e9s de haber sido\u00a0baleado por su madre en el domicilio que compart\u00edan en\u00a0Dorrego,\u00a0Guaymall\u00e9n. La v\u00edctima, quien presentaba&nbsp;trastorno del espectro autista&nbsp;(TEA), hab\u00eda recibido&nbsp;dos balazos en la sien y en elbadomen, respectivamente. Desde las horas posteriores a su internaci\u00f3n, su cuadro se complic\u00f3 y agoniz\u00f3 durante varios d\u00edas [&hellip;]<\/p>\n","protected":false},"author":2,"featured_media":10177,"comment_status":"open","ping_status":"open","sticky":false,"template":"","format":"standard","meta":[],"categories":[48],"tags":[],"_links":{"self":[{"href":"https:\/\/pasaenmendoza.com\/index.php?rest_route=\/wp\/v2\/posts\/10176"}],"collection":[{"href":"https:\/\/pasaenmendoza.com\/index.php?rest_route=\/wp\/v2\/posts"}],"about":[{"href":"https:\/\/pasaenmendoza.com\/index.php?rest_route=\/wp\/v2\/types\/post"}],"author":[{"embeddable":true,"href":"https:\/\/pasaenmendoza.com\/index.php?rest_route=\/wp\/v2\/users\/2"}],"replies":[{"embeddable":true,"href":"https:\/\/pasaenmendoza.com\/index.php?rest_route=%2Fwp%2Fv2%2Fcomments&post=10176"}],"version-history":[{"count":1,"href":"https:\/\/pasaenmendoza.com\/index.php?rest_route=\/wp\/v2\/posts\/10176\/revisions"}],"predecessor-version":[{"id":10178,"href":"https:\/\/pasaenmendoza.com\/index.php?rest_route=\/wp\/v2\/posts\/10176\/revisions\/10178"}],"wp:featuredmedia":[{"embeddable":true,"href":"https:\/\/pasaenmendoza.com\/index.php?rest_route=\/wp\/v2\/media\/10177"}],"wp:attachment":[{"href":"https:\/\/pasaenmendoza.com\/index.php?rest_route=%2Fwp%2Fv2%2Fmedia&parent=10176"}],"wp:term":[{"taxonomy":"category","embeddable":true,"href":"https:\/\/pasaenmendoza.com\/index.php?rest_route=%2Fwp%2Fv2%2Fcategories&post=10176"},{"taxonomy":"post_tag","embeddable":true,"href":"https:\/\/pasaenmendoza.com\/index.php?rest_route=%2Fwp%2Fv2%2Ftags&post=10176"}],"curies":[{"name":"wp","href":"https:\/\/api.w.org\/{rel}","templated":true}]}}