{"id":1018,"date":"2023-08-29T14:48:41","date_gmt":"2023-08-29T12:48:41","guid":{"rendered":"https:\/\/pasaenmendoza.com\/?p=1018"},"modified":"2023-08-29T14:48:41","modified_gmt":"2023-08-29T12:48:41","slug":"medicos-de-mendoza-piden-aumentar-140-el-valor-de-las-consultas-o-cobrarlas-de-modo-particular","status":"publish","type":"post","link":"https:\/\/pasaenmendoza.com\/?p=1018","title":{"rendered":"M\u00e9dicos de Mendoza piden aumentar 140% el valor de las consultas o cobrarlas de modo particular"},"content":{"rendered":"\n<p><strong>M\u00e9dicos de Mendoza\u00a0<\/strong>pidieron aumentar el valor de las\u00a0<strong>consultas\u00a0<\/strong>un\u00a0<strong>140%<\/strong>\u00a0y de una sola vez. Y si no hay acuerdo en ese sentido con las prepagas, directamente cobrar cada consulta como si fueran pacientes particulares. Esto ser\u00eda el jueves 1 de septiembre, seg\u00fan\u00a0anunciaron a \u00faltima hora de este lunes\u00a0a trav\u00e9s de un\u00a0<strong>comunicado<\/strong>. All\u00ed explicaron formalmente que quieren\u00a0<strong>llevar a 6 mil pesos el canon<\/strong>\u00a0de cada encuentro (en promedio, actualmente oscila en los $ 2.500). Aseguraron que les en agosto les estaban cancelando facturas de mayo.<\/p>\n\n\n\n<p>Hay&nbsp;<strong>48 horas para negociar.<\/strong>&nbsp;De esa manera lo&nbsp;<strong>plantearon las asociaciones m\u00e9dicas de la provincia,&nbsp;<\/strong>que expresaron su descontento por la&nbsp;<strong>\u201cfalta de escucha\u201d&nbsp;<\/strong>que vienen teniendo ante sus solicitudes de&nbsp;<strong>incrementar&nbsp;<\/strong>ingresos. La explicaci\u00f3n es que<strong>&nbsp;la demora en los pagos que les hacen las firmas privadas,<\/strong>&nbsp;sumada al contexto de fuertes subas en insumos, tornaron imposible continuar cobrando los&nbsp;<strong>valores actuales.<\/strong><\/p>\n\n\n\n<p><strong>\u201cEs nuestra oportunidad de que nuestra voz tenga fuerza.\u00a0<\/strong>Estamos en un\u00a0<strong>contexto hist\u00f3rico\u00a0<\/strong>y no hemos escuchado las propuestas que quer\u00edamos escuchar\u201d, comienza diciendo el escrito de una carilla y media que tiene las\u00a0<strong>firmas de 17 asociaciones de profesionales de la medicina provinciales.<\/strong><\/p>\n\n\n\n<p>El asunto de fondo es que<strong>&nbsp;tienen prohibida la aplicaci\u00f3n de copagos: mecanismos a trav\u00e9s de los cuales cada paciente aporta de su bolsillo&nbsp;<\/strong>todo aquel monto que los especialistas \u201cdejaron de recibir\u201d. O bien porque&nbsp;<strong>los precios estaban demasiado bajos,&nbsp;<\/strong>o porque una porci\u00f3n de lo que cobraron se&nbsp;<strong>licu\u00f3&nbsp;<\/strong>por la inflaci\u00f3n y las supuestas&nbsp;<strong>demoras&nbsp;<\/strong>en los desembolsos.<\/p>\n\n\n\n<p>Las firmas que se sumaron a esta petici\u00f3n, y a la vez anuncio de que desde el 1 de septiembre<strong>\u00a0habr\u00eda cobros extra,\u00a0<\/strong>son las asociaciones de oftalmolog\u00eda, pediatras, obstetras, dermat\u00f3logos, cirujanos y ur\u00f3logos. A ellos se agregaron desde las especialidades de\u00a0<strong>traumat\u00f3logos, otorrinolaring\u00f3logos, endocrin\u00f3logos y neurocirujanos,<\/strong>\u00a0entre otras.<\/p>\n\n\n\n<h2 class=\"wp-block-heading\">Cu\u00e1l es la situaci\u00f3n de fondo para las prepagas<\/h2>\n\n\n\n<p>Si no hay acuerdo para incrementar los aranceles<strong>, la propuesta es directamente ir al formato de cobros particulares,<\/strong>&nbsp;pero de cualquier manera habr\u00eda un aumento de hecho. Seg\u00fan explicaron, entre los&nbsp;<strong>psiquiatras cada careo con los pacientes podr\u00eda incluso quedar m\u00e1s arriba: en 8 mil pesos promedio.<\/strong>&nbsp;Esto tiene que ver con que en agosto, algunas prepagas todav\u00eda estaban&nbsp;<strong>cancelando<\/strong>&nbsp;aranceles de la primera mitad del a\u00f1o.<\/p>\n\n\n\n<p>Alejandro Kalbermatten, miembro de la Asociaci\u00f3n de Odontologos,\u00a0<strong>explic\u00f3 a Diario UNO que la intenci\u00f3n es rever los convenios actuales y el por qu\u00e9 de la necesidad de modificarlos.\u00a0<\/strong>&#8220;La intenci\u00f3n que tenemos los odontologos es que se mejoren las formas de pago de las obras sociales, por un lado.<strong>\u00a0Segundo, que los valores de las prestaciones est\u00e9n a tono con la econom\u00eda actual&#8221;,<\/strong>\u00a0se\u00f1al\u00f3.<\/p>\n\n\n\n<p>No s\u00f3lo est\u00e1 de fondo la&nbsp;<strong>prohibici\u00f3n de cobrar coseguros&nbsp;<\/strong>-que en la pr\u00e1ctica no tiene asidero, porque de todos modos los&nbsp;<strong>profesionales los est\u00e1n llevando a cabo-<\/strong>, sino tambi\u00e9n la dificultad de las prepagas para hacer frente a la situaci\u00f3n econ\u00f3mica. Eso ha llevado a que&nbsp;<strong>distintos pacientes busquen profesionales por fuera de las cartillas<\/strong>&nbsp;que los cubren, para evitar demoras en los turnos u otros&nbsp;<strong>problemas<\/strong>&nbsp;relacionados con la faz econ\u00f3mica.<\/p>\n\n\n\n<p>A esto se suma, de acuerdo a lo que expresaron desde el sector, el\u00a0<strong>congelamiento de las subas<\/strong>\u00a0que esas firmas de medicina pretend\u00edan aplicar en los pr\u00f3ximos d\u00edas. A partir de los anuncios del ministro de Econom\u00eda,\u00a0<strong>Sergio Massa, se conoci\u00f3 que quedaban prohibidos todos los incrementos para esas empresas,\u00a0<\/strong>al menos durante los pr\u00f3ximos 90 d\u00edas y para aquellas familias cuyos ingresos no superen los\u00a0<strong>2 millones de pesos mensuales.<\/strong><\/p>\n\n\n\n<h2 class=\"wp-block-heading\">&#8220;En Mendoza se est\u00e1n yendo los terapistas&#8221;<\/h2>\n\n\n\n<p><strong>Andrea Martin, m\u00e9dica especialista en Cl\u00ednica M\u00e9dica<\/strong>&nbsp;y representante de la Asociaci\u00f3n de Cl\u00ednicos Internistas de Mendoza, dijo que uno de los \u00fanicos lugares de la provincia en el que todav\u00eda quedan intensivistas especializados es el&nbsp;<strong>Hospital Central<\/strong>. &#8220;Para ser especialista, t<strong>en\u00e9s que pasar 12 a\u00f1os de formaci\u00f3n y con honorarios bajos, que ni siquiera cubren montos para poder subsistir.&nbsp;<\/strong>Es l\u00f3gico que hoy los profesionales quieran trabajar antes que especializarse&#8221;, cont\u00f3 en Radio Nihuil.<\/p>\n\n\n\n<p><strong>&#8220;Mendoza, adem\u00e1s, no tiene colegio m\u00e9dico<\/strong>. En Tucum\u00e1n o San Luis hay mejores valores de consulta y a veces esas entidades son las que&nbsp;<strong>consiguen hacer negociaciones<\/strong>&nbsp;como la que estamos llevando adelante. En&nbsp;<strong>Chile&nbsp;<\/strong>tambi\u00e9n hay mejores ofertas,&nbsp;<strong>con valores de guardia que llegan casi a los 1000 d\u00f3lares.<\/strong>&nbsp;Se paga en pesos chilenos, pero ese es el equivalente&#8221;.<\/p>\n\n\n\n<p><strong>Por \u00faltimo, la profesional dijo que los valores est\u00e1n fijos&nbsp;<\/strong>desde hace meses y que por eso han tomado la decisi\u00f3n de avanzar solicitando las subas. Afirm\u00f3 que cuando las pregpagas cerraron&nbsp;<strong>aumentos mayores al 100%, los m\u00e9dicos manten\u00edan una percepci\u00f3n de incrementos del 65%<\/strong>. Incluso, que las medidas ya se tomaron desde mucho tiempo antes del<strong>&nbsp;congelamiento por 90<\/strong>&nbsp;d\u00edas que dispuso el Palacio de Hacienda.<\/p>\n\n\n\n<p>&#8220;Adem\u00e1s\u00a0<strong>est\u00e1n faltando insumos.<\/strong>\u00a0Actualmente yo trabajo en un hospital privado y se ve eso. Incluso para\u00a0<strong>pacientes que llevan alimentaci\u00f3n por vena, que es algo grave<\/strong>, esos insumos no est\u00e1n llegando&#8221;, cerr\u00f3.<\/p>\n\n\n\n<p><strong>Fuente: www.diariouno.com.ar<\/strong><\/p>\n","protected":false},"excerpt":{"rendered":"<p>M\u00e9dicos de Mendoza\u00a0pidieron aumentar el valor de las\u00a0consultas\u00a0un\u00a0140%\u00a0y de una sola vez. Y si no hay acuerdo en ese sentido con las prepagas, directamente cobrar cada consulta como si fueran pacientes particulares. Esto ser\u00eda el jueves 1 de septiembre, seg\u00fan\u00a0anunciaron a \u00faltima hora de este lunes\u00a0a trav\u00e9s de un\u00a0comunicado. All\u00ed explicaron formalmente que quieren\u00a0llevar a [&hellip;]<\/p>\n","protected":false},"author":2,"featured_media":1019,"comment_status":"open","ping_status":"open","sticky":false,"template":"","format":"standard","meta":[],"categories":[58],"tags":[],"_links":{"self":[{"href":"https:\/\/pasaenmendoza.com\/index.php?rest_route=\/wp\/v2\/posts\/1018"}],"collection":[{"href":"https:\/\/pasaenmendoza.com\/index.php?rest_route=\/wp\/v2\/posts"}],"about":[{"href":"https:\/\/pasaenmendoza.com\/index.php?rest_route=\/wp\/v2\/types\/post"}],"author":[{"embeddable":true,"href":"https:\/\/pasaenmendoza.com\/index.php?rest_route=\/wp\/v2\/users\/2"}],"replies":[{"embeddable":true,"href":"https:\/\/pasaenmendoza.com\/index.php?rest_route=%2Fwp%2Fv2%2Fcomments&post=1018"}],"version-history":[{"count":1,"href":"https:\/\/pasaenmendoza.com\/index.php?rest_route=\/wp\/v2\/posts\/1018\/revisions"}],"predecessor-version":[{"id":1020,"href":"https:\/\/pasaenmendoza.com\/index.php?rest_route=\/wp\/v2\/posts\/1018\/revisions\/1020"}],"wp:featuredmedia":[{"embeddable":true,"href":"https:\/\/pasaenmendoza.com\/index.php?rest_route=\/wp\/v2\/media\/1019"}],"wp:attachment":[{"href":"https:\/\/pasaenmendoza.com\/index.php?rest_route=%2Fwp%2Fv2%2Fmedia&parent=1018"}],"wp:term":[{"taxonomy":"category","embeddable":true,"href":"https:\/\/pasaenmendoza.com\/index.php?rest_route=%2Fwp%2Fv2%2Fcategories&post=1018"},{"taxonomy":"post_tag","embeddable":true,"href":"https:\/\/pasaenmendoza.com\/index.php?rest_route=%2Fwp%2Fv2%2Ftags&post=1018"}],"curies":[{"name":"wp","href":"https:\/\/api.w.org\/{rel}","templated":true}]}}