{"id":10193,"date":"2024-11-20T22:38:07","date_gmt":"2024-11-20T21:38:07","guid":{"rendered":"https:\/\/pasaenmendoza.com\/?p=10193"},"modified":"2024-11-20T22:38:08","modified_gmt":"2024-11-20T21:38:08","slug":"la-dge-publico-los-requisitos-para-abanderados-2025-en-las-escuelas-primarias-de-mendoza","status":"publish","type":"post","link":"https:\/\/pasaenmendoza.com\/?p=10193","title":{"rendered":"La DGE public\u00f3 los requisitos para abanderados 2025 en las escuelas primarias de Mendoza"},"content":{"rendered":"\n<p>La\u00a0<strong>DGE (Direcci\u00f3n General de Escuelas)<\/strong>\u00a0public\u00f3 en el Bolet\u00edn Oficial el reglamento para la elecci\u00f3n de abanderados y escoltas nacionales y provinciales del ciclo 2025 en las escuelas primarias, estatales y privadas, de Mendoza. El rendimiento en toda su trayectoria escolar de los estudiantes de 6\u00b0 ser\u00e1 evaluado para la designaci\u00f3n, y\u00a0<strong>vuelven a quedar afuera los repetidores<\/strong>.<\/p>\n\n\n\n<p>Debido a la pandemia por Covid-19 del 2020, esta vez&nbsp;<strong>la unidad pedag\u00f3gica de 1\u00b0 y 2\u00b0 grado no ser\u00e1 tenida en cuenta<\/strong>&nbsp;a la hora de sacar el promedio acad\u00e9mico de los alumnos. Se considerar\u00e1 entonces el bolet\u00edn de 3\u00b0, 4\u00b0, 5\u00b0 y 6\u00b0. Esta ser\u00e1 la&nbsp;<strong>\u00faltima cohorte de estudiantes que han transitado la primaria en pandemia<\/strong>.<\/p>\n\n\n\n<p><strong>Las calificaciones en todas las materias no deber\u00e1n ser menores a 7<\/strong>, as\u00ed como se excluir\u00e1 a los estudiantes que tengan menos de un\u00a0<strong>&#8220;Bueno&#8221;<\/strong>\u00a0en cada uno de los tres informes respecto a las Normas de Convivencia de este \u00faltimo a\u00f1o a tabular. Aqu\u00ed, el reglamento completo para acceder a la Bandera Nacional y a la Bandera Provincial.<\/p>\n\n\n\n<p>El pr\u00f3ximo<strong>\u00a0lunes 25<\/strong>\u00a0se iniciar\u00e1 el procedimiento de elecci\u00f3n para portar la bandera nacional y la bandera provincial durante el a\u00f1o que viene, cuando los alumnos est\u00e9n terminando el nivel primario.<\/p>\n\n\n\n<p>Esta semana se comunicar\u00e1 a los padres de los estudiantes de 6\u00b0 de todas las escuelas de la provincia acerca de la elecci\u00f3n de abanderados y escoltas.<\/p>\n\n\n\n<h2 class=\"wp-block-heading\">Otros a\u00f1os la DGE s\u00ed permiti\u00f3 acceder a la bandera a los repetidores<\/h2>\n\n\n\n<p>&#8220;La portaci\u00f3n de los atributos nacionales y provinciales es un honor que debe respetarse con la presencia de los\/as estudiantes distinguidos en cada oportunidad que les sea requerida, debiendo justificar en tiempo y forma el motivo que impida la asistencia&#8221;, especifica el reglamento de la DGE, que ratifica&nbsp;<strong>la exclusi\u00f3n de estudiantes que hubieran repetido<\/strong>&nbsp;alguno de los a\u00f1os a calificar.<\/p>\n\n\n\n<p>A fines de 2014 hubo una\u00a0<strong>controversia\u00a0<\/strong>en la provincia cuando\u00a0la DGE permiti\u00f3 que repetidores y chicos con problemas de conducta pod\u00edan aspirar a la bandera. La resoluci\u00f3n fue\u00a0<strong>contradicha por el gobernador<\/strong>\u00a0de turno, Francisco P\u00e9rez, quien decidi\u00f3 dar marcha atr\u00e1s con la medida.<\/p>\n\n\n\n<p>Luego, en 2016 se volvi\u00f3 a la carga con la pol\u00e9mica decisi\u00f3n y\u00a0<strong>los alumnos repetidores del nivel Primario pudieron participar<\/strong>\u00a0para ser abanderados o escoltas si el docente acreditaba que el alumno realiz\u00f3 un buen proceso y un alto rendimiento en su trayectoria escolar.<\/p>\n\n\n\n<p>En ese momento se aclaraba, entonces, que los estudiantes repetidores deb\u00edan acreditar fehacientemente que&nbsp;<strong>hayan recursado un a\u00f1o por razones de fuerza mayor<\/strong>, refiri\u00e9ndose a la salud f\u00edsica o mental del ni\u00f1o.<\/p>\n\n\n\n<p>Esta disposici\u00f3n&nbsp;<strong>se aplic\u00f3 en los ciclos lectivos de 2017 y 2018<\/strong>, bajo la premisa de &#8220;la igualdad de oportunidades y la equidad&#8221; entre los estudiantes de escuelas primarias de Mendoza. Ya en 2019 volvi\u00f3 a excluirse a quienes hubieran repetido durante su trayectoria escolar.<\/p>\n\n\n\n<h2 class=\"wp-block-heading\">C\u00f3mo proyecta la DGE la elecci\u00f3n de abanderados para el a\u00f1o que viene<\/h2>\n\n\n\n<p>La DGE anticip\u00f3 que est\u00e1 evaluando hacer una revisi\u00f3n profunda acerca de los conceptos que abarca el reglamento actual para los aspirantes a la bandera nacional y la bandera provincial.<\/p>\n\n\n\n<p>Esto se debe a que con la elecci\u00f3n actual&nbsp;<strong>llega a su fin el cohorte de ni\u00f1os que asistieron a la escuela primaria en pandemia<\/strong>. Y esos requisitos que buscan modificar, seg\u00fan anticiparon, estar\u00e1n posicionados siempre &#8220;en una evaluaci\u00f3n formativa pero atendiendo a los nuevos paradigmas&#8221;.<\/p>\n\n\n\n<p>As\u00ed lo explic\u00f3 Laura Tello, directora de Educaci\u00f3n Primaria de la DGE, quien adelant\u00f3 que los cambios tendr\u00e1n en cuenta que &#8220;<strong>hay algunas cuestiones que quiz\u00e1s necesitamos rever<\/strong>\u00a0en relaci\u00f3n a este m\u00e9rito tan importante que significa portar la bandera de la naci\u00f3n y de la provincia&#8221;.<\/p>\n\n\n\n<p>Para esta elecci\u00f3n de abanderados 2025, Tello se mostr\u00f3 esperanzada en que &#8220;el impacto sobre la trayectoria de los chicos sea muy positivo, as\u00ed que\u00a0<strong>esperamos disminuir la cantidad de ni\u00f1os con permanencia en los grados<\/strong>&#8220;. Adem\u00e1s, la funcionaria destac\u00f3 el trabajo en la prevenci\u00f3n y el<strong>\u00a0fortalecimiento de la trayectoria escolar<\/strong>\u00a0del alumnado para tener cada a\u00f1o menos chicos en permanencia en los grados, o sea, repetidores.<\/p>\n\n\n\n<p>De todos modos, Laura Tello puso el foco en&nbsp;<strong>la garant\u00eda de saberes&nbsp;<\/strong>a la hora de evaluar las calificaciones de los estudiantes que aspiran a portar la bandera. &#8220;Necesitamos garantizar saberes en cada uno de los niveles educativos formales, de otra forma no estar\u00edamos siendo honestos con ese ni\u00f1o&#8221;, afirm\u00f3.<\/p>\n\n\n\n<p>Y complet\u00f3: &#8220;Tenemos que hacer un esfuerzo conjunto de toda la comunidad educativa en que esos ni\u00f1os<strong>\u00a0tienen que saber leer, comprender, trabajar fuertemente en matem\u00e1ticas<\/strong>, por eso es que estamos haciendo algunas revisiones para el a\u00f1o que viene que pensamos van a garantizar mejoras en el sistema educativo&#8221;.<\/p>\n\n\n\n<p><strong>Fuente: www.diariouno.com.ar<\/strong><\/p>\n","protected":false},"excerpt":{"rendered":"<p>La\u00a0DGE (Direcci\u00f3n General de Escuelas)\u00a0public\u00f3 en el Bolet\u00edn Oficial el reglamento para la elecci\u00f3n de abanderados y escoltas nacionales y provinciales del ciclo 2025 en las escuelas primarias, estatales y privadas, de Mendoza. El rendimiento en toda su trayectoria escolar de los estudiantes de 6\u00b0 ser\u00e1 evaluado para la designaci\u00f3n, y\u00a0vuelven a quedar afuera los [&hellip;]<\/p>\n","protected":false},"author":2,"featured_media":10194,"comment_status":"open","ping_status":"open","sticky":false,"template":"","format":"standard","meta":[],"categories":[56],"tags":[],"_links":{"self":[{"href":"https:\/\/pasaenmendoza.com\/index.php?rest_route=\/wp\/v2\/posts\/10193"}],"collection":[{"href":"https:\/\/pasaenmendoza.com\/index.php?rest_route=\/wp\/v2\/posts"}],"about":[{"href":"https:\/\/pasaenmendoza.com\/index.php?rest_route=\/wp\/v2\/types\/post"}],"author":[{"embeddable":true,"href":"https:\/\/pasaenmendoza.com\/index.php?rest_route=\/wp\/v2\/users\/2"}],"replies":[{"embeddable":true,"href":"https:\/\/pasaenmendoza.com\/index.php?rest_route=%2Fwp%2Fv2%2Fcomments&post=10193"}],"version-history":[{"count":1,"href":"https:\/\/pasaenmendoza.com\/index.php?rest_route=\/wp\/v2\/posts\/10193\/revisions"}],"predecessor-version":[{"id":10195,"href":"https:\/\/pasaenmendoza.com\/index.php?rest_route=\/wp\/v2\/posts\/10193\/revisions\/10195"}],"wp:featuredmedia":[{"embeddable":true,"href":"https:\/\/pasaenmendoza.com\/index.php?rest_route=\/wp\/v2\/media\/10194"}],"wp:attachment":[{"href":"https:\/\/pasaenmendoza.com\/index.php?rest_route=%2Fwp%2Fv2%2Fmedia&parent=10193"}],"wp:term":[{"taxonomy":"category","embeddable":true,"href":"https:\/\/pasaenmendoza.com\/index.php?rest_route=%2Fwp%2Fv2%2Fcategories&post=10193"},{"taxonomy":"post_tag","embeddable":true,"href":"https:\/\/pasaenmendoza.com\/index.php?rest_route=%2Fwp%2Fv2%2Ftags&post=10193"}],"curies":[{"name":"wp","href":"https:\/\/api.w.org\/{rel}","templated":true}]}}