{"id":10202,"date":"2024-11-20T22:54:15","date_gmt":"2024-11-20T21:54:15","guid":{"rendered":"https:\/\/pasaenmendoza.com\/?p=10202"},"modified":"2024-11-20T22:54:16","modified_gmt":"2024-11-20T21:54:16","slug":"alvear-y-san-rafael-probaron-el-martes-el-sistema-de-lucha-antigranizo-sin-pilotos-de-apla","status":"publish","type":"post","link":"https:\/\/pasaenmendoza.com\/?p=10202","title":{"rendered":"Alvear y San Rafael probaron el martes el sistema de lucha antigranizo sin pilotos de APLA"},"content":{"rendered":"\n<p>Con la tormenta de este martes en la noche,\u00a0el sistema de la\u00a0<strong>lucha antigranizo<\/strong>\u00a0tuvo su primera intervenci\u00f3n en el Sur. Los aviones estuvieron operativos ante m\u00faltiples celdas graniceras que amenazaban con avanzar hacia zonas cultivadas de la regi\u00f3n. Adem\u00e1s, se avanz\u00f3 sin operarios agremiados en la\u00a0<strong>Asociaci\u00f3n de Pilotos de L\u00edneas A\u00e9reas (APLA)<\/strong>\u00a0que amenazaban con no volar.<\/p>\n\n\n\n<p>Desde temprano, las aeronaves atacaron las amenazantes nubes, las que &#8220;consiguieron disipar con diversas intervenciones&#8221; que fueron monitoreadas por Omar F\u00e9lix, el intendente de San Rafael, desde la sala de radares que tiene el aeroclub.&nbsp;<strong>El nuevo sistema de lucha antigranizo no tiene pilotos del sindicato APLA<\/strong>, insistieron.<\/p>\n\n\n\n<p>El mismo d\u00eda, F\u00e9lix junto a integrantes del Aeroclub San Rafael, dejaron inauguradas las instalaciones que tiene la entidad contigua al\u00a0<strong>aeropuerto Santiago German\u00f3<\/strong>.<\/p>\n\n\n\n<p>Se trata del hangar \u201cValent\u00edn Lafargue\u201d. Tambi\u00e9n se inaugur\u00f3 la&nbsp;<strong>nueva pista de maniobras<\/strong>.<\/p>\n\n\n\n<p>El intendente F\u00e9lix resalt\u00f3 que \u201ces importante recordar y tener presentes a las personas que la sociedad valora. Quiero destacar la\u00a0<strong>integraci\u00f3n p\u00fablica-privada entre municipio y aeroclub<\/strong>, que ha generado importantes avances, como por ejemplo es la\u00a0<strong>lucha antigranizo<\/strong>\u00a0que hoy ha tenido con \u00e9xito su primera actividad\u201d.<\/p>\n\n\n\n<p>\u201cVamos a seguir trabajando para que el&nbsp;<strong>aeroclub<\/strong>&nbsp;siga creciendo, para que esta sinergia siga siendo exitosa\u201d, a\u00f1adi\u00f3 el jefe comunal.<\/p>\n\n\n\n<p>F\u00e9lix valor\u00f3 la inauguraci\u00f3n de la pista de rodamiento del aeropuerto German\u00f3 y agreg\u00f3: \u201cEs una inversi\u00f3n necesaria que hace al desarrollo de&nbsp;<strong>San Rafael<\/strong>. Vamos a seguir trabajando para lograr lo que falta\u201d.<\/p>\n\n\n\n<h2 class=\"wp-block-heading\"><strong>Sistema activo de lucha antigranizo sin APLA<\/strong><\/h2>\n\n\n\n<p>El martes por la tarde, el gremio de APLA lanz\u00f3 un categ\u00f3rico comunicado en el que advert\u00eda que en medio de la contingencia<strong>&nbsp;no estaban dadas las condiciones dadas para pilotear.<\/strong><\/p>\n\n\n\n<p>\u201cInformamos que a\u00fan no hemos llegado a un acuerdo con la intendencia de&nbsp;<strong>San Rafael&nbsp;<\/strong>sobre el reinicio de operaciones del Sistema de Mitigaci\u00f3n de Granizo\u201d, informaron.<\/p>\n\n\n\n<p>\u201cEn&nbsp;<strong>APLA<\/strong>, nuestra prioridad es la seguridad de los\/as pilotos y las condiciones de seguridad no son las adecuadas para una actividad de alto riesgo como lo es la&nbsp;<strong>lucha antigranizo<\/strong>. Por eso, no vamos a apoyar este proyecto, ya que no cumple con los est\u00e1ndares de seguridad operacional que necesitamos\u201d, denunciaron.<\/p>\n\n\n\n<p><strong>El conflicto fue desmentido\u00a0<\/strong>por los intendentes F\u00e9lix y Alejandro Molero al consignar que ninguno de los pilotos afectados a la mitigaci\u00f3n de las tormentas pertenece a APLA.<\/p>\n\n\n\n<p><strong>Fuente: www.diariouno.com.ar<\/strong><\/p>\n","protected":false},"excerpt":{"rendered":"<p>Con la tormenta de este martes en la noche,\u00a0el sistema de la\u00a0lucha antigranizo\u00a0tuvo su primera intervenci\u00f3n en el Sur. Los aviones estuvieron operativos ante m\u00faltiples celdas graniceras que amenazaban con avanzar hacia zonas cultivadas de la regi\u00f3n. Adem\u00e1s, se avanz\u00f3 sin operarios agremiados en la\u00a0Asociaci\u00f3n de Pilotos de L\u00edneas A\u00e9reas (APLA)\u00a0que amenazaban con no volar. [&hellip;]<\/p>\n","protected":false},"author":2,"featured_media":10203,"comment_status":"open","ping_status":"open","sticky":false,"template":"","format":"standard","meta":[],"categories":[47],"tags":[],"_links":{"self":[{"href":"https:\/\/pasaenmendoza.com\/index.php?rest_route=\/wp\/v2\/posts\/10202"}],"collection":[{"href":"https:\/\/pasaenmendoza.com\/index.php?rest_route=\/wp\/v2\/posts"}],"about":[{"href":"https:\/\/pasaenmendoza.com\/index.php?rest_route=\/wp\/v2\/types\/post"}],"author":[{"embeddable":true,"href":"https:\/\/pasaenmendoza.com\/index.php?rest_route=\/wp\/v2\/users\/2"}],"replies":[{"embeddable":true,"href":"https:\/\/pasaenmendoza.com\/index.php?rest_route=%2Fwp%2Fv2%2Fcomments&post=10202"}],"version-history":[{"count":1,"href":"https:\/\/pasaenmendoza.com\/index.php?rest_route=\/wp\/v2\/posts\/10202\/revisions"}],"predecessor-version":[{"id":10204,"href":"https:\/\/pasaenmendoza.com\/index.php?rest_route=\/wp\/v2\/posts\/10202\/revisions\/10204"}],"wp:featuredmedia":[{"embeddable":true,"href":"https:\/\/pasaenmendoza.com\/index.php?rest_route=\/wp\/v2\/media\/10203"}],"wp:attachment":[{"href":"https:\/\/pasaenmendoza.com\/index.php?rest_route=%2Fwp%2Fv2%2Fmedia&parent=10202"}],"wp:term":[{"taxonomy":"category","embeddable":true,"href":"https:\/\/pasaenmendoza.com\/index.php?rest_route=%2Fwp%2Fv2%2Fcategories&post=10202"},{"taxonomy":"post_tag","embeddable":true,"href":"https:\/\/pasaenmendoza.com\/index.php?rest_route=%2Fwp%2Fv2%2Ftags&post=10202"}],"curies":[{"name":"wp","href":"https:\/\/api.w.org\/{rel}","templated":true}]}}