{"id":10205,"date":"2024-11-20T23:04:54","date_gmt":"2024-11-20T22:04:54","guid":{"rendered":"https:\/\/pasaenmendoza.com\/?p=10205"},"modified":"2024-11-20T23:04:55","modified_gmt":"2024-11-20T22:04:55","slug":"el-sommelier-acusado-por-la-tragedia-del-acceso-sur-vuelve-arriesgar-50-anos-de-carcel","status":"publish","type":"post","link":"https:\/\/pasaenmendoza.com\/?p=10205","title":{"rendered":"El sommelier acusado por la tragedia del Acceso Sur vuelve arriesgar 50 a\u00f1os de c\u00e1rcel"},"content":{"rendered":"\n<p>Un duro rev\u00e9s judicial recibi\u00f3 la tarde de este mi\u00e9rcoles el&nbsp;<strong>sommelier&nbsp;<\/strong>acusado por la&nbsp;<strong>tragedia del Acceso Sur<\/strong>&nbsp;en la que murieron atropellados el&nbsp;<strong>polic\u00eda Leonardo Exequiel Alarc\u00f3n Quiroga<\/strong>&nbsp;(35) y el agente de&nbsp;<strong>Tr\u00e1nsito de Godoy Cruz Santiago David Vel\u00e1zquez Guevara&nbsp;<\/strong>(23), a principios de mayo en<strong>&nbsp;Godoy Cruz<\/strong>.<\/p>\n\n\n\n<p>Despu\u00e9s de que la jueza de primera instancia&nbsp;<strong>Alejandra Mauricio&nbsp;<\/strong>fue apartada de la causa y se anularon sus resoluciones,<strong>&nbsp;Marina Alejandra Mart\u00edn&nbsp;<\/strong>tom\u00f3 su lugar. De esta forma, la nueva magistrada escuch\u00f3 a las partes y volvi\u00f3 a dictar la&nbsp;<strong>prisi\u00f3n preventiva<\/strong>&nbsp;a&nbsp;<strong>Hugo Mart\u00edn Rodr\u00edguez&nbsp;<\/strong>(44).<\/p>\n\n\n\n<p>Pero eso no fue todo, ya que la jueza del\u00a0<strong>Juzgado Penal Colegiado N\u00ba 1<\/strong>\u00a0ratific\u00f3 la calificaci\u00f3n inicial que le imput\u00f3 el\u00a0<strong>fiscal de Tr\u00e1nsito Fernando Giunta<\/strong>\u00a0al empleado bodeguero y que hab\u00eda sido modificada por Mauricio.<\/p>\n\n\n\n<p>De esa forma, Rodr\u00edguez volvi\u00f3 a quedar acusado por dos hechos de\u00a0<strong>homicidio simple con dolo eventual en concurso real<\/strong>\u00a0y arriesga<strong>\u00a0penas de entre 8 y 50 a\u00f1os de encierro<\/strong>.<\/p>\n\n\n\n<p>La audiencia que se celebr\u00f3 en el<strong>&nbsp;Polo Judicial Penal<\/strong>&nbsp;pudo ser presenciada por primera vez por familiares y amigos de las v\u00edctimas en el&nbsp;<strong>Sal\u00f3n de Usos M\u00faltiples<\/strong>&nbsp;(<strong>SUM<\/strong>) del edificio a trav\u00e9s de una transmisi\u00f3n en vivo. Decenas de allegados del polic\u00eda y el agente de tr\u00e1nsito fallecidos se hicieron presentes con carteles, banderas y hasta remeras con consignas para pedir justicia.<\/p>\n\n\n\n<p>Por su parte, luego de ventilarse la nueva resoluci\u00f3n, la defensa a cargo de<strong>\u00a0Pablo Cazab\u00e1n\u00a0<\/strong>podr\u00e1 apelar la decisi\u00f3n de Mart\u00edn en los pr\u00f3ximos d\u00edas. Caso contrario, el fiscal Giunta se encontrar\u00e1 en condiciones de\u00a0<strong>requerir la elevaci\u00f3n a juicio<\/strong>, debido a que finaliz\u00f3 la investigaci\u00f3n hace un par de meses atr\u00e1s, revelaron fuentes judiciales consultadas.<\/p>\n\n\n\n<h2 class=\"wp-block-heading\" id=\"h-el-accidente\">El accidente<\/h2>\n\n\n\n<p>El siniestro ocurri\u00f3 pasadas las 23.30 del viernes 3 de mayo en el&nbsp;<strong>Acceso Sur<\/strong>, a la altura de<strong>&nbsp;calle Sarmiento<\/strong>.<\/p>\n\n\n\n<p>All\u00ed,&nbsp;<strong>personal policial y de&nbsp;Tr\u00e1nsito&nbsp;<\/strong>del municipio&nbsp;realizaban un control vehicular. Todo transcurr\u00eda con normalidad hasta que apareci\u00f3 Rodr\u00edguez a bordo de su<strong>&nbsp;Ford EcoSport&nbsp;<\/strong>roja, circulando a toda velocidad en direcci\u00f3n al norte.<\/p>\n\n\n\n<p>Pese a la presencia de los funcionarios,&nbsp;<mark>el conductor continu\u00f3 con su marcha, impact\u00f3 una movilidad policial y luego arroll\u00f3 a<strong>&nbsp;<\/strong>Vel\u00e1zquez y<strong>&nbsp;<\/strong>Alarc\u00f3n<\/mark>.<\/p>\n\n\n\n<p>El trabajador municipal perdi\u00f3 la vida en el acto, mientras que el oficial principal falleci\u00f3 horas despu\u00e9s en el&nbsp;<strong>Hospital Central<\/strong>, a ra\u00edz de las graves heridas sufridas.<\/p>\n\n\n\n<p>Por eso, Rodr\u00edguez, quien\u00a0<mark>ten\u00eda 2.68 gramos alcohol por cada litro de sangre al momento del siniestro<\/mark>, recibi\u00f3 una dura imputaci\u00f3n y qued\u00f3 alojado en un penal provincial.<\/p>\n\n\n\n<p><strong>Fuente: www.elsol.com.ar<\/strong><\/p>\n","protected":false},"excerpt":{"rendered":"<p>Un duro rev\u00e9s judicial recibi\u00f3 la tarde de este mi\u00e9rcoles el&nbsp;sommelier&nbsp;acusado por la&nbsp;tragedia del Acceso Sur&nbsp;en la que murieron atropellados el&nbsp;polic\u00eda Leonardo Exequiel Alarc\u00f3n Quiroga&nbsp;(35) y el agente de&nbsp;Tr\u00e1nsito de Godoy Cruz Santiago David Vel\u00e1zquez Guevara&nbsp;(23), a principios de mayo en&nbsp;Godoy Cruz. Despu\u00e9s de que la jueza de primera instancia&nbsp;Alejandra Mauricio&nbsp;fue apartada de la causa [&hellip;]<\/p>\n","protected":false},"author":2,"featured_media":10206,"comment_status":"open","ping_status":"open","sticky":false,"template":"","format":"standard","meta":[],"categories":[48],"tags":[],"_links":{"self":[{"href":"https:\/\/pasaenmendoza.com\/index.php?rest_route=\/wp\/v2\/posts\/10205"}],"collection":[{"href":"https:\/\/pasaenmendoza.com\/index.php?rest_route=\/wp\/v2\/posts"}],"about":[{"href":"https:\/\/pasaenmendoza.com\/index.php?rest_route=\/wp\/v2\/types\/post"}],"author":[{"embeddable":true,"href":"https:\/\/pasaenmendoza.com\/index.php?rest_route=\/wp\/v2\/users\/2"}],"replies":[{"embeddable":true,"href":"https:\/\/pasaenmendoza.com\/index.php?rest_route=%2Fwp%2Fv2%2Fcomments&post=10205"}],"version-history":[{"count":1,"href":"https:\/\/pasaenmendoza.com\/index.php?rest_route=\/wp\/v2\/posts\/10205\/revisions"}],"predecessor-version":[{"id":10207,"href":"https:\/\/pasaenmendoza.com\/index.php?rest_route=\/wp\/v2\/posts\/10205\/revisions\/10207"}],"wp:featuredmedia":[{"embeddable":true,"href":"https:\/\/pasaenmendoza.com\/index.php?rest_route=\/wp\/v2\/media\/10206"}],"wp:attachment":[{"href":"https:\/\/pasaenmendoza.com\/index.php?rest_route=%2Fwp%2Fv2%2Fmedia&parent=10205"}],"wp:term":[{"taxonomy":"category","embeddable":true,"href":"https:\/\/pasaenmendoza.com\/index.php?rest_route=%2Fwp%2Fv2%2Fcategories&post=10205"},{"taxonomy":"post_tag","embeddable":true,"href":"https:\/\/pasaenmendoza.com\/index.php?rest_route=%2Fwp%2Fv2%2Ftags&post=10205"}],"curies":[{"name":"wp","href":"https:\/\/api.w.org\/{rel}","templated":true}]}}