{"id":1021,"date":"2023-08-29T15:05:27","date_gmt":"2023-08-29T13:05:27","guid":{"rendered":"https:\/\/pasaenmendoza.com\/?p=1021"},"modified":"2023-08-29T15:05:28","modified_gmt":"2023-08-29T13:05:28","slug":"unas-80-mil-familias-reciben-ayuda-desde-el-gobierno-de-mendoza-para-alimentacion","status":"publish","type":"post","link":"https:\/\/pasaenmendoza.com\/?p=1021","title":{"rendered":"Unas 80 mil familias reciben ayuda desde el gobierno de Mendoza para alimentaci\u00f3n"},"content":{"rendered":"\n<p>La reciente\u00a0<strong>devaluaci\u00f3n<\/strong>\u00a0que realiz\u00f3 el gobierno nacional\u00a0recrudeci\u00f3 la coyuntura de una poblaci\u00f3n donde m\u00e1s del 50% est\u00e1\u00a0<strong>por debajo de la l\u00ednea de la pobreza<\/strong>\u00a0y en Mendoza se estima que el 30% de la gente est\u00e1 siendo\u00a0<strong>asistida por el Estado para no padecer hambre<\/strong>.<\/p>\n\n\n\n<p>Tras el inicio de una tensa semana de\u00a0<strong>agitaci\u00f3n social<\/strong>, la gente se pregunta cu\u00e1les son las acciones del Estado, provincial y nacional, para asistir a quienes menos tienen, y los propios actores lo cuentan. Desde el gobierno de Mendoza se asegura que\u00a0<strong>la asistencia que llega a cada<\/strong>\u00a0<strong>comedor\u00a0<\/strong>comunitario\u00a0<strong>aument\u00f3 este mes -agosto- en un 20%<\/strong>.<\/p>\n\n\n\n<h2 class=\"wp-block-heading\">La ayuda estatal del gobierno de Mendoza<\/h2>\n\n\n\n<p>En medio de una semana agitada por los amagues y algunos saqueos concretados, el propio subsecretario de Desarrollo Social de Mendoza,&nbsp;<strong>Alejandro Ver\u00f3n<\/strong>, revel\u00f3 en el programa &#8220;Te digo lo que pienso&#8221; de Radio Nihuil sobre la ayuda a los comedores o&nbsp;<strong>merenderos<\/strong>, que &#8220;<strong>en el \u00faltimo mes se aument\u00f3 un 20% y alcanza a unos 80.000 hogares<\/strong>. A nivel nacional, la ayuda llega a 100.000 familias con los planes como la Asignaci\u00f3n Universal por Hijo (AUH)&#8221;.<\/p>\n\n\n\n<p>Luego el funcionario provincial expres\u00f3: &#8220;Desde el gobierno provincial hace rato que venimos reclamando y diciendo que la situaci\u00f3n social es muy compleja. Hace falta tomar medidas, sobre todo por la\u00a0<strong>inflaci\u00f3n<\/strong>, que golpea sobre los sectores m\u00e1s pobres, esto es grave, sobre todo despu\u00e9s de<strong>\u00a0la \u00faltima devaluaci\u00f3n de la semana pasada, donde se devalu\u00f3 un 25%<\/strong>&#8220;.<\/p>\n\n\n\n<p><strong>&#8220;La situaci\u00f3n actual de la gente es que va al supermercado y se pregunta qu\u00e9 no compra y c\u00f3mo puede hacer para subsistir diariamente. Esta situaci\u00f3n est\u00e1, y trabajamos cada d\u00eda con las herramientas que tenemos en Provincia, en conjunto con los municipios, y con mucha comunicaci\u00f3n con las organizaciones sociales&#8221; (Alejandro Ver\u00f3n, subsecretario de Desarrollo Social de Mendoza)<\/strong><\/p>\n\n\n\n<p>El propio subsecretario aport\u00f3 en la entrevista con Ricardo Montacuto su visi\u00f3n sobre uno de los conflictos sucedidos el lunes pasado en Tunuy\u00e1n: &#8220;<strong>Esto se inici\u00f3 con reclamos de bolsones de comida a la Municipalidad<\/strong>. Obviamente, la situaci\u00f3n ha empeorado en un mont\u00f3n de familias y se ha incrementado la asistencia social&#8221;.<\/p>\n\n\n\n<p>Ver\u00f3n apunt\u00f3 al problema inflacionario como responsable de esta crisis al completar: &#8220;Sin embargo, esto no alcanza y se incrementa al ritmo del crecimiento inflacionario, y\u00a0<strong>all\u00ed tratan de apoyar a los necesitados las organizaciones sociales, con m\u00e1s ayuda oficial y la autogesti\u00f3n<\/strong>. En Mendoza existe el\u00a0<strong>Banco de Alimentos<\/strong>, que trabaja brindando insumos a los comedores barriales de 80 organizaciones sociales, y ya tienen solicitudes de 23 m\u00e1s&#8221;.<\/p>\n\n\n\n<p>Consultado el subsecretario sobre los\u00a0<strong>canales disponibles para solicitar ayuda alimentaria\u00a0<\/strong>a las familias afectadas, se\u00f1al\u00f3: &#8220;Lo ideal son los canales formales, y solicitar ayuda a partir del mecanismo de cercan\u00eda correspondiente.\u00a0<strong>Puede ser a trav\u00e9s del Municipio o puede ser a trav\u00e9s de la Provincia<\/strong>&#8220;, explic\u00f3, para agregar luego: &#8220;Todos estos, independientemente del color pol\u00edtico estamos constantemente en contacto para poder asistir a la gente, dentro de las posibilidades que tiene la provincia. Porque si tenemos un 25% de devaluaci\u00f3n, no solamente afecta a aquel que no tiene nada, sino tambi\u00e9n a aquel que tiene trabajo, y un cuarto de su dinero se va&#8221;.<\/p>\n\n\n\n<h2 class=\"wp-block-heading\">El Banco de Alimentos ayuda a unas 39 mil personas<\/h2>\n\n\n\n<p>Desde la parte privada, en Mendoza, como en otros puntos del pa\u00eds, existe una ONG denominada&nbsp;<strong>Fundaci\u00f3n Banco de Alimentos<\/strong>, que tiene 21 a\u00f1os de trabajo buscando soluciones alimentarias suministrando insumos a distintas organizaciones sociales que sostienen comedores o merenderos.<\/p>\n\n\n\n<p>En el programa &#8220;Mediod\u00eda&#8221;, de Radio Nihuil, fue entrevistada\u00a0<strong>Lorena Troncoso<\/strong>, la directora ejecutiva del\u00a0Banco de Alimentos, que inform\u00f3 la\u00a0<strong>cr\u00edtica situaci\u00f3n que se est\u00e1 viviendo<\/strong>.<\/p>\n\n\n\n<p>&#8220;En estos d\u00edas y lo que va del 2023, la demanda es&nbsp;<strong>importante, diaria y significativa<\/strong>. Todos los d\u00edas tenemos solicitudes de alimentos, ya sea de organizaciones o grupos organizados, que brindan alimentos en sus lugares, como tambi\u00e9n de personas particulares que se acercan o preguntan como es el modelo de trabajo para sumarse. No trabajamos con particulares, pero los derivamos a las organizaciones cercanas al domicilio&#8221;.<\/p>\n\n\n\n<p>Luego enumer\u00f3: &#8220;Actualmente,\u00a0<strong>estamos trabajando con 80 organizaciones sociales que brindan alimento a m\u00e1s de 39 mil personas, y tenemos una n\u00f3mina de 23 organizaciones en lista de espera<\/strong>&#8220;.<\/p>\n\n\n\n<p>La cantidad de solicitantes de insumos sigue creciendo,&nbsp;<strong>no as\u00ed las posibilidades de responder<\/strong>. &#8220;No damos abasto con la demanda.&nbsp;<strong>Hay 23 organizaciones que est\u00e1n en lista de espera<\/strong>, porque no podemos responder. La disponibilidad del alimento no la tenemos. Nuestro modelo contempla que las organizaciones que apoyamos al menos una vez al mes puedan venir a retirar los alimentos de que disponemos. Siempre somos muy claros en nuestra forma de trabajo.&nbsp;<strong>Lo que podemos entregar es lo que se consigue en donaci\u00f3n, y no necesariamente aquellos alimentos que son indispensables para una dieta diaria<\/strong>&#8220;, expres\u00f3 con angustia Troncoso.<\/p>\n\n\n\n<p>Respecto a sus 21 a\u00f1os de vida gestionando ayuda a la comunidad, Troncoso record\u00f3: &#8220;<strong>Nuestra historia se remonta a la crisis del 2001 y 2002<\/strong>, cuando las organizaciones sociales no recib\u00edan desde el estado los alimentos necesarios para brindar a su comunidad y es as\u00ed como surge la iniciativa de empresarios de Mendoza, de instalar el modelo de los bancos de alimentos que ya se ven\u00edan gestando en Buenos Aires y que replican los de otros pa\u00edses&#8221;, dijo, y aport\u00f3 respecto a la metodolog\u00eda de recolecci\u00f3n de alimentos: &#8220;El modelo busca<strong>&nbsp;captar alimentos del sector industrial, mercados de concentraci\u00f3n, supermercados, que han perdido su valor comercial<\/strong>, pero que a\u00fan est\u00e1n aptos para el consumo.<\/p>\n\n\n\n<p>Para concluir expres\u00f3: &#8220;Nosotros, como banco de alimentos, a estos productos los rescatamos y le otorgamos valor social porque lo destinamos a organizaciones que brindan prestaci\u00f3n alimentaria a una comunidad que est\u00e1 en situaci\u00f3n de inseguridad nutricional&#8221;.<\/p>\n\n\n\n<h2 class=\"wp-block-heading\">El reclamo del Polo Obrero al gobierno nacional: 60% de recorte<\/h2>\n\n\n\n<p>Dentro de las mencionadas organizaciones sociales que luchan codo a codo desde los asentamientos y barrios carenciados con las familias que sufren la falta de alimentos, uno de los actores principales,&nbsp;<strong>Mart\u00edn Rodr\u00edguez, dirigente del Polo Obrero de Mendoza,&nbsp;<\/strong>dispar\u00f3 n\u00fameros alarmantes: &#8220;Los \u00edndices del INDEC son brutales:&nbsp;<strong>hay un 60% de pobreza en los pibes<\/strong>. Por eso hemos sacado un comunicado porque creemos que&nbsp;<strong>los que tienen que responder por el hambre no lo est\u00e1n haciendo<\/strong>&#8220;.<\/p>\n\n\n\n<p>Adem\u00e1s de aclarar que su organizaci\u00f3n nada tiene que ver con la coordinaci\u00f3n de saqueos, Rodr\u00edguez\u00a0<strong>apunt\u00f3 al actual gobierno nacional, y en particular al ministro de econom\u00eda<\/strong>: &#8220;Nosotros hemos sido claros en el comunicado:\u00a0<strong>no tenemos nada que ver con los saqueos, no es nuestra metodolog\u00eda.<\/strong>\u00a0<strong>Tienen que restituir los alimentos a los comedores populares. Hemos tenido un 60% de recorte<\/strong>&#8220;.<\/p>\n\n\n\n<p>El tambi\u00e9n dirigente sindical municipal continu\u00f3 con dureza: &#8220;Massa y Tolosa Paz,&nbsp;<strong>en funci\u00f3n de reducir el gasto fiscal, han recortado el gasto social, y en particular un 60%<\/strong>. Tiramos n\u00fameros concretos, que manejamos ac\u00e1, y nos afectan directamente como organizaci\u00f3n.&nbsp;<strong>Este mes recibimos 13 mil kilos de comida menos<\/strong>, de parte del gobierno de Alberto (Fern\u00e1ndez)&#8221;.<\/p>\n\n\n\n<p><strong>&#8220;En vez de recibir 13 productos<\/strong>, que fue la \u00faltima entrega en marzo, donde denunciamos e hicimos una conferencia de prensa,&nbsp;<strong>recibimos siete<\/strong>, entre los cuales&nbsp;<strong>hab\u00eda ma\u00edz pisingallo, que no sirve para nada<\/strong>, no sirve para un comedor&#8221;, sum\u00f3 en su queja el dirigente.<\/p>\n\n\n\n<p><strong>&#8220;Hoy ya tenemos un problema para adelante. Hicimos una distribuci\u00f3n, y es probable que los comedores funciones un tiempito m\u00e1s, y ya nos avis\u00f3 Tolosa Paz que, qui\u00e9n sabe cu\u00e1ndo, va a venir con una reducci\u00f3n del 40%&#8221;<\/strong><\/p>\n\n\n\n<h3 class=\"wp-block-heading\">Reparten 300 viandas por falta de prote\u00ednas en la dieta popular<\/h3>\n\n\n\n<p>Respecto al sost\u00e9n que brinda el Estado provincial, Rodr\u00edguez declar\u00f3: &#8220;En el caso del gobierno provincial, la asistencia se est\u00e1 entregando, pero es muy limitada, porque con la devaluaci\u00f3n, los aumentos de precios en las carnes, por ejemplo el pollo, ha sido mayor al 22%&#8221;. Luego manifest\u00f3 con alarma: &#8220;<strong>\u00a1Las carnicer\u00edas han aumentado un 100% sus productos! No estamos recibiendo ning\u00fan tipo de prote\u00ednas<\/strong>&#8220;.<\/p>\n\n\n\n<p>Respecto a los n\u00fameros duros de las acciones que lleva adelante el Polo Obrero, enumer\u00f3: &#8220;En los barrios m\u00e1s populares, en los comedores nuestros y de otras organizaciones,&nbsp;<strong>se hacen entre 250 y 300 viandas<\/strong>. Esto se reparte una vez por d\u00eda, tres veces por semana&#8221;.<\/p>\n\n\n\n<p>Consultado sobre la cantidad de comedores que sostienen, inform\u00f3: &#8220;Tenemos m\u00e1s de 90 comedores en la provincia. Hay organizaciones que tienen muchos m\u00e1s. Se puede decir que\u00a0<strong>hoy por hoy, somos nosotros y no el gobierno los que estamos dando de comer en los barrios<\/strong>&#8220;, finaliz\u00f3 el dirigente del Polo Obrero.<\/p>\n\n\n\n<p><strong>Fuente: www.diariouno.com.ar<\/strong><\/p>\n","protected":false},"excerpt":{"rendered":"<p>La reciente\u00a0devaluaci\u00f3n\u00a0que realiz\u00f3 el gobierno nacional\u00a0recrudeci\u00f3 la coyuntura de una poblaci\u00f3n donde m\u00e1s del 50% est\u00e1\u00a0por debajo de la l\u00ednea de la pobreza\u00a0y en Mendoza se estima que el 30% de la gente est\u00e1 siendo\u00a0asistida por el Estado para no padecer hambre. Tras el inicio de una tensa semana de\u00a0agitaci\u00f3n social, la gente se pregunta [&hellip;]<\/p>\n","protected":false},"author":2,"featured_media":1022,"comment_status":"open","ping_status":"open","sticky":false,"template":"","format":"standard","meta":[],"categories":[50],"tags":[],"_links":{"self":[{"href":"https:\/\/pasaenmendoza.com\/index.php?rest_route=\/wp\/v2\/posts\/1021"}],"collection":[{"href":"https:\/\/pasaenmendoza.com\/index.php?rest_route=\/wp\/v2\/posts"}],"about":[{"href":"https:\/\/pasaenmendoza.com\/index.php?rest_route=\/wp\/v2\/types\/post"}],"author":[{"embeddable":true,"href":"https:\/\/pasaenmendoza.com\/index.php?rest_route=\/wp\/v2\/users\/2"}],"replies":[{"embeddable":true,"href":"https:\/\/pasaenmendoza.com\/index.php?rest_route=%2Fwp%2Fv2%2Fcomments&post=1021"}],"version-history":[{"count":1,"href":"https:\/\/pasaenmendoza.com\/index.php?rest_route=\/wp\/v2\/posts\/1021\/revisions"}],"predecessor-version":[{"id":1023,"href":"https:\/\/pasaenmendoza.com\/index.php?rest_route=\/wp\/v2\/posts\/1021\/revisions\/1023"}],"wp:featuredmedia":[{"embeddable":true,"href":"https:\/\/pasaenmendoza.com\/index.php?rest_route=\/wp\/v2\/media\/1022"}],"wp:attachment":[{"href":"https:\/\/pasaenmendoza.com\/index.php?rest_route=%2Fwp%2Fv2%2Fmedia&parent=1021"}],"wp:term":[{"taxonomy":"category","embeddable":true,"href":"https:\/\/pasaenmendoza.com\/index.php?rest_route=%2Fwp%2Fv2%2Fcategories&post=1021"},{"taxonomy":"post_tag","embeddable":true,"href":"https:\/\/pasaenmendoza.com\/index.php?rest_route=%2Fwp%2Fv2%2Ftags&post=1021"}],"curies":[{"name":"wp","href":"https:\/\/api.w.org\/{rel}","templated":true}]}}