{"id":10217,"date":"2024-11-21T20:44:04","date_gmt":"2024-11-21T19:44:04","guid":{"rendered":"https:\/\/pasaenmendoza.com\/?p=10217"},"modified":"2024-11-21T20:44:05","modified_gmt":"2024-11-21T19:44:05","slug":"cornejo-anticipo-que-el-1-de-febrero-se-abriran-las-oficinas-de-conciliacion-civil-en-mendoza","status":"publish","type":"post","link":"https:\/\/pasaenmendoza.com\/?p=10217","title":{"rendered":"Cornejo anticip\u00f3 que el 1 de febrero se abrir\u00e1n las oficinas de conciliaci\u00f3n civil en Mendoza"},"content":{"rendered":"\n<p>El gobernador de Mendoza,\u00a0<strong>Alfredo Cornejo<\/strong>, anticip\u00f3 que desde el 1 de febrero comenzar\u00e1n a funcionar las\u00a0<strong>oficinas de conciliaci\u00f3n civil<\/strong>, que permitir\u00e1n evitar juicios generando un \u00e1mbito de resoluci\u00f3n de litigios fuera del Poder Judicial.<\/p>\n\n\n\n<p>&#8220;Mendoza tiene\u00a0<strong>instituciones\u00a0<\/strong>que crean un clima de negocios adecuado. Tenemos el 50% menos de\u00a0<strong>juicios laborales<\/strong>\u00a0y el primero de febrero vamos a iniciar las\u00a0<strong>oficinas de conciliaci\u00f3n civil<\/strong>\u00a0para que se puedan resolver litigios civiles en estudios de abogados y no tengan que ir al Poder Judicial&#8221;, recalc\u00f3 Cornejo durante la inauguraci\u00f3n de la nueva planta de<strong>\u00a0Coca Cola<\/strong>\u00a0en Godoy Cruz.<\/p>\n\n\n\n<p>Cornejo rescat\u00f3, asimismo, que las oficinas de conciliaci\u00f3n laborales han tenido su efecto en la provincia: &#8220;Resuelven la mayor\u00eda de los conflictos laborales con&nbsp;<strong>un acuerdo entre empleador y empleado&nbsp;<\/strong>sin llegar a la Justicia&#8221;, rescat\u00f3.<\/p>\n\n\n\n<p>Por otra parte, enumer\u00f3 una serie de<strong>\u00a0medidas impositivas\u00a0<\/strong>que van en la misma direcci\u00f3n: atraer\u00a0<strong>inversiones\u00a0<\/strong>y simplificar\u00a0<strong>tr\u00e1mites<\/strong>.<\/p>\n\n\n\n<p>&#8220;En Mendoza hemos bajado&nbsp;<strong>Ingresos Brutos<\/strong>, hemos bajado&nbsp;<strong>sellos<\/strong>, estamos bajando nuestros impuestos y advertimos que si la Argentina hace las cosas bien y tenemos un Estado Nacional que procura ir hacia el liberalismo econ\u00f3mico, la libertad de mercado, y la competencia, el pa\u00eds tiene un destino positivo&#8221;, consider\u00f3.<\/p>\n\n\n\n<p>Y cerr\u00f3: &#8220;Creemos que estamos renovando la confianza en que\u00a0<strong>Mendoza es distinta<\/strong>&#8220;, adem\u00e1s de considerar que si la macro no fuera tan adversa, la provincia crecer\u00eda\u00a0<strong>igual o m\u00e1s que el promedio de la regi\u00f3n<\/strong>.<\/p>\n\n\n\n<p><strong>Fuente: www.diariouno.com.ar<\/strong><\/p>\n","protected":false},"excerpt":{"rendered":"<p>El gobernador de Mendoza,\u00a0Alfredo Cornejo, anticip\u00f3 que desde el 1 de febrero comenzar\u00e1n a funcionar las\u00a0oficinas de conciliaci\u00f3n civil, que permitir\u00e1n evitar juicios generando un \u00e1mbito de resoluci\u00f3n de litigios fuera del Poder Judicial. &#8220;Mendoza tiene\u00a0instituciones\u00a0que crean un clima de negocios adecuado. Tenemos el 50% menos de\u00a0juicios laborales\u00a0y el primero de febrero vamos a iniciar [&hellip;]<\/p>\n","protected":false},"author":2,"featured_media":10218,"comment_status":"open","ping_status":"open","sticky":false,"template":"","format":"standard","meta":[],"categories":[47],"tags":[],"_links":{"self":[{"href":"https:\/\/pasaenmendoza.com\/index.php?rest_route=\/wp\/v2\/posts\/10217"}],"collection":[{"href":"https:\/\/pasaenmendoza.com\/index.php?rest_route=\/wp\/v2\/posts"}],"about":[{"href":"https:\/\/pasaenmendoza.com\/index.php?rest_route=\/wp\/v2\/types\/post"}],"author":[{"embeddable":true,"href":"https:\/\/pasaenmendoza.com\/index.php?rest_route=\/wp\/v2\/users\/2"}],"replies":[{"embeddable":true,"href":"https:\/\/pasaenmendoza.com\/index.php?rest_route=%2Fwp%2Fv2%2Fcomments&post=10217"}],"version-history":[{"count":1,"href":"https:\/\/pasaenmendoza.com\/index.php?rest_route=\/wp\/v2\/posts\/10217\/revisions"}],"predecessor-version":[{"id":10219,"href":"https:\/\/pasaenmendoza.com\/index.php?rest_route=\/wp\/v2\/posts\/10217\/revisions\/10219"}],"wp:featuredmedia":[{"embeddable":true,"href":"https:\/\/pasaenmendoza.com\/index.php?rest_route=\/wp\/v2\/media\/10218"}],"wp:attachment":[{"href":"https:\/\/pasaenmendoza.com\/index.php?rest_route=%2Fwp%2Fv2%2Fmedia&parent=10217"}],"wp:term":[{"taxonomy":"category","embeddable":true,"href":"https:\/\/pasaenmendoza.com\/index.php?rest_route=%2Fwp%2Fv2%2Fcategories&post=10217"},{"taxonomy":"post_tag","embeddable":true,"href":"https:\/\/pasaenmendoza.com\/index.php?rest_route=%2Fwp%2Fv2%2Ftags&post=10217"}],"curies":[{"name":"wp","href":"https:\/\/api.w.org\/{rel}","templated":true}]}}