{"id":10220,"date":"2024-11-21T20:49:11","date_gmt":"2024-11-21T19:49:11","guid":{"rendered":"https:\/\/pasaenmendoza.com\/?p=10220"},"modified":"2024-11-21T20:49:12","modified_gmt":"2024-11-21T19:49:12","slug":"el-titular-del-colegio-farmaceutico-de-mendoza-afirmo-que-no-se-pueden-vender-remedios-en-kioscos","status":"publish","type":"post","link":"https:\/\/pasaenmendoza.com\/?p=10220","title":{"rendered":"El titular del Colegio Farmac\u00e9utico de Mendoza afirm\u00f3 que no se pueden vender remedios en kioscos"},"content":{"rendered":"\n<p>El presidente del<strong>\u00a0Colegio Farmac\u00e9utico de Mendoza<\/strong>,\u00a0<strong>Mario Valestra<\/strong>, asever\u00f3 que no tiene validez el\u00a0<strong>decreto 1024\/2024<\/strong>\u00a0dictado por el gobierno nacional que b\u00e1sicamente permite comercializar\u00a0<strong>remedios\u00a0<\/strong>de venta libre en kioscos y no solo a trav\u00e9s de un profesional de farmacia.<\/p>\n\n\n\n<p>Esto es, seg\u00fan manifest\u00f3, por&nbsp;<strong>la existencia de la Ley Provincial 7.303<\/strong>&nbsp;y su&nbsp;<strong>decreto reglamentario 355<\/strong>, que impide esta forma de comercializaci\u00f3n de los medicamentos, como por ejemplo tambi\u00e9n en las g\u00f3ndolas de algunas cadenas de farmacias.<\/p>\n\n\n\n<p>Seg\u00fan Valestra, este escenario no solo se presenta en Mendoza sino en muchas otras provincias que tienen su propia legislaci\u00f3n.<\/p>\n\n\n\n<p>Por esta raz\u00f3n, para modificar la disposici\u00f3n local, deber\u00eda llevarse un proyecto de ley a la Legislatura.<\/p>\n\n\n\n<h2 class=\"wp-block-heading\">Qu\u00e9 opina el presidente del Colegio Farmac\u00e9utico del decreto nacional<\/h2>\n\n\n\n<p>Otra situaci\u00f3n similar sucedi\u00f3 cuando el Ejecutivo nacional emiti\u00f3 el&nbsp;<strong>decreto 7.023,&nbsp;<\/strong>que&nbsp;<strong>permit\u00eda vender medicamentos en kioscos<\/strong>. Esto qued\u00f3 sin efecto a trav\u00e9s de una medida cautelar que se coloc\u00f3 en su momento.<\/p>\n\n\n\n<p>Valestra explic\u00f3 que estas medidas no tienen como objetivo abaratar los costos de los remedios, ni generar mayor competencia porque los precios no cambian,&nbsp;<strong>solo se modifica la forma de vender,<\/strong>&nbsp;en los lugares en donde no existe una legislaci\u00f3n provincial espec\u00edfica.<\/p>\n\n\n\n<p>Para el<strong>&nbsp;presidente del Colegio Farmac\u00e9utico es un<\/strong><strong>a determinaci\u00f3n que no tiene un sentido demasiado claro<\/strong>, porque m\u00e1s all\u00e1 que la instituci\u00f3n y sus socios no est\u00e9n de acuerdo con la regla, no consigue ninguna mejor\u00eda sustancial para los compradores.<\/p>\n\n\n\n<p>De todas maneras, hay que recordar que se trata solo de dos tipos de f\u00e1rmacos de venta libre: los analg\u00e9sicos y los anti\u00e1cidos. Pero a los mendocinos que estaban esperanzados en comprarlos en cualquier kiosco, o bien, ir a una farmacia con la modalidad de autoservicio y sacarlos directamente de la g\u00f3ndola, hay que aclararles que por el momento, esto no suceder\u00e1. Tendr\u00e1n que sacar n\u00famero y esperar a que los atienda el farmac\u00e9utico de turno.<\/p>\n\n\n\n<p><strong>Fuente: www.diariouno.com.ar<\/strong><\/p>\n","protected":false},"excerpt":{"rendered":"<p>El presidente del\u00a0Colegio Farmac\u00e9utico de Mendoza,\u00a0Mario Valestra, asever\u00f3 que no tiene validez el\u00a0decreto 1024\/2024\u00a0dictado por el gobierno nacional que b\u00e1sicamente permite comercializar\u00a0remedios\u00a0de venta libre en kioscos y no solo a trav\u00e9s de un profesional de farmacia. Esto es, seg\u00fan manifest\u00f3, por&nbsp;la existencia de la Ley Provincial 7.303&nbsp;y su&nbsp;decreto reglamentario 355, que impide esta forma de [&hellip;]<\/p>\n","protected":false},"author":2,"featured_media":10221,"comment_status":"open","ping_status":"open","sticky":false,"template":"","format":"standard","meta":[],"categories":[112],"tags":[],"_links":{"self":[{"href":"https:\/\/pasaenmendoza.com\/index.php?rest_route=\/wp\/v2\/posts\/10220"}],"collection":[{"href":"https:\/\/pasaenmendoza.com\/index.php?rest_route=\/wp\/v2\/posts"}],"about":[{"href":"https:\/\/pasaenmendoza.com\/index.php?rest_route=\/wp\/v2\/types\/post"}],"author":[{"embeddable":true,"href":"https:\/\/pasaenmendoza.com\/index.php?rest_route=\/wp\/v2\/users\/2"}],"replies":[{"embeddable":true,"href":"https:\/\/pasaenmendoza.com\/index.php?rest_route=%2Fwp%2Fv2%2Fcomments&post=10220"}],"version-history":[{"count":1,"href":"https:\/\/pasaenmendoza.com\/index.php?rest_route=\/wp\/v2\/posts\/10220\/revisions"}],"predecessor-version":[{"id":10222,"href":"https:\/\/pasaenmendoza.com\/index.php?rest_route=\/wp\/v2\/posts\/10220\/revisions\/10222"}],"wp:featuredmedia":[{"embeddable":true,"href":"https:\/\/pasaenmendoza.com\/index.php?rest_route=\/wp\/v2\/media\/10221"}],"wp:attachment":[{"href":"https:\/\/pasaenmendoza.com\/index.php?rest_route=%2Fwp%2Fv2%2Fmedia&parent=10220"}],"wp:term":[{"taxonomy":"category","embeddable":true,"href":"https:\/\/pasaenmendoza.com\/index.php?rest_route=%2Fwp%2Fv2%2Fcategories&post=10220"},{"taxonomy":"post_tag","embeddable":true,"href":"https:\/\/pasaenmendoza.com\/index.php?rest_route=%2Fwp%2Fv2%2Ftags&post=10220"}],"curies":[{"name":"wp","href":"https:\/\/api.w.org\/{rel}","templated":true}]}}