{"id":10230,"date":"2024-11-22T13:47:54","date_gmt":"2024-11-22T12:47:54","guid":{"rendered":"https:\/\/pasaenmendoza.com\/?p=10230"},"modified":"2024-11-22T13:47:55","modified_gmt":"2024-11-22T12:47:55","slug":"el-tiempo-en-mendoza-viernes-caluroso-y-con-mas-tormentas","status":"publish","type":"post","link":"https:\/\/pasaenmendoza.com\/?p=10230","title":{"rendered":"El tiempo en Mendoza: viernes caluroso y con m\u00e1s tormentas"},"content":{"rendered":"\n<p><strong>La temperatura m\u00e1xima para este viernes ser\u00e1 de 33 grados cent\u00edgrados<\/strong>, mientras que&nbsp;<strong>la m\u00ednima<\/strong>&nbsp;estar\u00e1 cerca de los 20 grados:<strong>&nbsp;18 grados cent\u00edgrados<\/strong>, por lo que ser\u00e1n noches m\u00e1s que templadas.<\/p>\n\n\n\n<p>El pron\u00f3stico de la&nbsp;<strong>Direcci\u00f3n de Contingencias Clim\u00e1ticas&nbsp;<\/strong>adelant\u00f3 que estar\u00e1 \u201c<em>caluroso con poca nubosidad, vientos moderados del noreste<\/em>\u201c.<\/p>\n\n\n\n<p>Y tambi\u00e9n regresan las tormentas: \u201c<em>Inestable el sur provincial durante la tarde. Poco nuboso en cordillera<\/em>\u201c.<\/p>\n\n\n\n<p><strong>El fin de semana mantendr\u00e1 las mismas condiciones: calor e inestabilidad<\/strong>.<\/p>\n\n\n\n<p><strong>El s\u00e1bado est\u00e1 previsto que la temperatura m\u00e1xima est\u00e9 por debajo de los 30 grados<\/strong>, mientras que\u00a0<strong>el domingo volver\u00e1 a esa marca<\/strong>. Y, por supuesto,\u00a0<strong>se mantendr\u00e1 el alerta por las tormentas.<\/strong><\/p>\n\n\n\n<p><strong>Fuente: www.elsol.com.ar<\/strong><\/p>\n","protected":false},"excerpt":{"rendered":"<p>La temperatura m\u00e1xima para este viernes ser\u00e1 de 33 grados cent\u00edgrados, mientras que&nbsp;la m\u00ednima&nbsp;estar\u00e1 cerca de los 20 grados:&nbsp;18 grados cent\u00edgrados, por lo que ser\u00e1n noches m\u00e1s que templadas. El pron\u00f3stico de la&nbsp;Direcci\u00f3n de Contingencias Clim\u00e1ticas&nbsp;adelant\u00f3 que estar\u00e1 \u201ccaluroso con poca nubosidad, vientos moderados del noreste\u201c. Y tambi\u00e9n regresan las tormentas: \u201cInestable el sur provincial [&hellip;]<\/p>\n","protected":false},"author":2,"featured_media":10231,"comment_status":"open","ping_status":"open","sticky":false,"template":"","format":"standard","meta":[],"categories":[52],"tags":[],"_links":{"self":[{"href":"https:\/\/pasaenmendoza.com\/index.php?rest_route=\/wp\/v2\/posts\/10230"}],"collection":[{"href":"https:\/\/pasaenmendoza.com\/index.php?rest_route=\/wp\/v2\/posts"}],"about":[{"href":"https:\/\/pasaenmendoza.com\/index.php?rest_route=\/wp\/v2\/types\/post"}],"author":[{"embeddable":true,"href":"https:\/\/pasaenmendoza.com\/index.php?rest_route=\/wp\/v2\/users\/2"}],"replies":[{"embeddable":true,"href":"https:\/\/pasaenmendoza.com\/index.php?rest_route=%2Fwp%2Fv2%2Fcomments&post=10230"}],"version-history":[{"count":1,"href":"https:\/\/pasaenmendoza.com\/index.php?rest_route=\/wp\/v2\/posts\/10230\/revisions"}],"predecessor-version":[{"id":10232,"href":"https:\/\/pasaenmendoza.com\/index.php?rest_route=\/wp\/v2\/posts\/10230\/revisions\/10232"}],"wp:featuredmedia":[{"embeddable":true,"href":"https:\/\/pasaenmendoza.com\/index.php?rest_route=\/wp\/v2\/media\/10231"}],"wp:attachment":[{"href":"https:\/\/pasaenmendoza.com\/index.php?rest_route=%2Fwp%2Fv2%2Fmedia&parent=10230"}],"wp:term":[{"taxonomy":"category","embeddable":true,"href":"https:\/\/pasaenmendoza.com\/index.php?rest_route=%2Fwp%2Fv2%2Fcategories&post=10230"},{"taxonomy":"post_tag","embeddable":true,"href":"https:\/\/pasaenmendoza.com\/index.php?rest_route=%2Fwp%2Fv2%2Ftags&post=10230"}],"curies":[{"name":"wp","href":"https:\/\/api.w.org\/{rel}","templated":true}]}}