{"id":10239,"date":"2024-11-22T21:31:19","date_gmt":"2024-11-22T20:31:19","guid":{"rendered":"https:\/\/pasaenmendoza.com\/?p=10239"},"modified":"2024-11-22T21:31:20","modified_gmt":"2024-11-22T20:31:20","slug":"desbarataron-otra-red-narco-en-guaymallen-cayeron-un-hermano-y-el-sobrino-del-boliviano-cesar","status":"publish","type":"post","link":"https:\/\/pasaenmendoza.com\/?p=10239","title":{"rendered":"Desbarataron otra red narco en Guaymall\u00e9n: cayeron un hermano y el sobrino del \u201cBoliviano C\u00e9sar\u201d"},"content":{"rendered":"\n<p>Una serie de allanamientos desarroll\u00f3 entre la noche del jueves y la ma\u00f1ana de este viernes la&nbsp;<strong>Polic\u00eda Federal Argentina<\/strong>&nbsp;(<strong>PFA<\/strong>) en domicilios de&nbsp;<strong>Guaymall\u00e9n<\/strong>&nbsp;y&nbsp;<strong>Ciudad<\/strong>, en el marco de una investigaci\u00f3n contra una banda dedicada a la&nbsp;<strong>comercializaci\u00f3n de estupefacientes<\/strong>&nbsp;y que tiene v\u00ednculos con una&nbsp;<strong>importante organizaci\u00f3n narco&nbsp;<\/strong>de la provincia.<\/p>\n\n\n\n<p>Durante las medidas, los sabuesos lograron la detenci\u00f3n de siete presuntos miembros de la gavilla, entre los que se destacan\u00a0<strong>Candido David Alandi Tejerina<\/strong>\u00a0y su hijo<strong>\u00a0Candido David Alandi Cruz<\/strong>, apodados como los<strong>\u00a0<em>Candy<\/em><\/strong>. Ambos fueron sindicados como los responsables de liderar las actividades il\u00edcitas.<\/p>\n\n\n\n<p>El apellido de los dos principales sospechosos no es desconocido para los detectives, ya que ambos son familiares -hermano y sobrino, respectivamente- de<strong>\u00a0Julio C\u00e9sar Alandi Tejerina\u00a0<\/strong>(47), m\u00e1s conocido como el\u00a0<em>Boliviano C\u00e9sar<\/em>, quien\u00a0fue recientemente\u00a0<strong>condenado por lavado de activos provenientes del narcotr\u00e1fico<\/strong>, en una investigaci\u00f3n que permiti\u00f3 un decomiso de un patrimonio valuado en m\u00e1s de\u00a0<strong>100 millones de pesos<\/strong>.<\/p>\n\n\n\n<p>El v\u00ednculo sangu\u00edneo de los dos hombres detenidos con el mencionado jefe narco no es un dato menor para los pesquisas, m\u00e1s a\u00fan teniendo que, de acuerdo con la instrucci\u00f3n, operan en el mismo rubro: la comercializaci\u00f3n de estupefacientes.<\/p>\n\n\n\n<p>Lo cierto es que en los allanamientos practicados por los efectivos de la&nbsp;<strong>Unidad de Inteligencia&nbsp;Criminal de la PFA de Mendoza<\/strong>&nbsp;hubo secuestros de sustancias il\u00edcitas y elementos de importancia para la causa.<\/p>\n\n\n\n<p>En\u00a0<strong>Guaymall\u00e9n<\/strong>, en el domicilio de\u00a0<strong>Candido Alandi<\/strong>\u00a0padre incautaron 1<strong>0 envoltorios de coca\u00edna<\/strong>, una balanza, celulares y anotaciones de inter\u00e9s para la investigaci\u00f3n; mientras que en la casa de su hijo dieron con\u00a0<strong>18 gramos de coca\u00edna, 15 gramos de marihuana<\/strong>\u00a0y celulares.<\/p>\n\n\n\n<p><strong>Fuente: www.elsol.com.ar<\/strong><\/p>\n","protected":false},"excerpt":{"rendered":"<p>Una serie de allanamientos desarroll\u00f3 entre la noche del jueves y la ma\u00f1ana de este viernes la&nbsp;Polic\u00eda Federal Argentina&nbsp;(PFA) en domicilios de&nbsp;Guaymall\u00e9n&nbsp;y&nbsp;Ciudad, en el marco de una investigaci\u00f3n contra una banda dedicada a la&nbsp;comercializaci\u00f3n de estupefacientes&nbsp;y que tiene v\u00ednculos con una&nbsp;importante organizaci\u00f3n narco&nbsp;de la provincia. Durante las medidas, los sabuesos lograron la detenci\u00f3n de siete [&hellip;]<\/p>\n","protected":false},"author":2,"featured_media":10240,"comment_status":"open","ping_status":"open","sticky":false,"template":"","format":"standard","meta":[],"categories":[48],"tags":[],"_links":{"self":[{"href":"https:\/\/pasaenmendoza.com\/index.php?rest_route=\/wp\/v2\/posts\/10239"}],"collection":[{"href":"https:\/\/pasaenmendoza.com\/index.php?rest_route=\/wp\/v2\/posts"}],"about":[{"href":"https:\/\/pasaenmendoza.com\/index.php?rest_route=\/wp\/v2\/types\/post"}],"author":[{"embeddable":true,"href":"https:\/\/pasaenmendoza.com\/index.php?rest_route=\/wp\/v2\/users\/2"}],"replies":[{"embeddable":true,"href":"https:\/\/pasaenmendoza.com\/index.php?rest_route=%2Fwp%2Fv2%2Fcomments&post=10239"}],"version-history":[{"count":1,"href":"https:\/\/pasaenmendoza.com\/index.php?rest_route=\/wp\/v2\/posts\/10239\/revisions"}],"predecessor-version":[{"id":10241,"href":"https:\/\/pasaenmendoza.com\/index.php?rest_route=\/wp\/v2\/posts\/10239\/revisions\/10241"}],"wp:featuredmedia":[{"embeddable":true,"href":"https:\/\/pasaenmendoza.com\/index.php?rest_route=\/wp\/v2\/media\/10240"}],"wp:attachment":[{"href":"https:\/\/pasaenmendoza.com\/index.php?rest_route=%2Fwp%2Fv2%2Fmedia&parent=10239"}],"wp:term":[{"taxonomy":"category","embeddable":true,"href":"https:\/\/pasaenmendoza.com\/index.php?rest_route=%2Fwp%2Fv2%2Fcategories&post=10239"},{"taxonomy":"post_tag","embeddable":true,"href":"https:\/\/pasaenmendoza.com\/index.php?rest_route=%2Fwp%2Fv2%2Ftags&post=10239"}],"curies":[{"name":"wp","href":"https:\/\/api.w.org\/{rel}","templated":true}]}}